{"id":81931,"date":"2020-12-08T08:30:45","date_gmt":"2020-12-08T11:30:45","guid":{"rendered":"http:\/\/vinasfm.com\/noticias\/?p=81931"},"modified":"2020-12-08T10:58:01","modified_gmt":"2020-12-08T13:58:01","slug":"turismo-con-alto-porcentaje-de-reservas-el-fin-de-semana-largo-se-vive-a-pleno-en-alvear","status":"publish","type":"post","link":"https:\/\/vinasfm.com\/noticias\/turismo-con-alto-porcentaje-de-reservas-el-fin-de-semana-largo-se-vive-a-pleno-en-alvear\/","title":{"rendered":"TURISMO: CON ALTO PORCENTAJE DE RESERVAS, EL FIN DE SEMANA LARGO SE VIVE A PLENO EN ALVEAR"},"content":{"rendered":"<h4><span style=\"color: #000000;\"><strong>El balance del fin de semana largo, aun vigente, ha sido positivo para el sector tur\u00edstico de nuestro departamento alcanzando el <span style=\"color: #000000;\">75%<\/span> de ocupaci\u00f3n en hoteles, caba\u00f1as y alojamientos. La Direcci\u00f3n de Turismo se apost\u00f3 en los ingresos y le dio una c\u00e1lida bienvenida a quienes eligen Alvear como destino.<\/strong><\/span><\/h4>\n<div id=\"attachment_81933\" style=\"width: 300px\" class=\"wp-caption alignleft\"><a style=\"color: #000000;\" href=\"http:\/\/vinasfm.com\/noticias\/wp-content\/uploads\/2020\/12\/f48c3734-55cb-4fa8-b311-7ec12cc3c824.jpg\"><img loading=\"lazy\" decoding=\"async\" aria-describedby=\"caption-attachment-81933\" class=\"wp-image-81933 size-medium\" src=\"http:\/\/vinasfm.com\/noticias\/wp-content\/uploads\/2020\/12\/f48c3734-55cb-4fa8-b311-7ec12cc3c824-300x200.jpg\" alt=\"\" width=\"300\" height=\"200\" srcset=\"https:\/\/vinasfm.com\/noticias\/wp-content\/uploads\/2020\/12\/f48c3734-55cb-4fa8-b311-7ec12cc3c824-300x200.jpg 300w, https:\/\/vinasfm.com\/noticias\/wp-content\/uploads\/2020\/12\/f48c3734-55cb-4fa8-b311-7ec12cc3c824-768x512.jpg 768w, https:\/\/vinasfm.com\/noticias\/wp-content\/uploads\/2020\/12\/f48c3734-55cb-4fa8-b311-7ec12cc3c824.jpg 1024w\" sizes=\"auto, (max-width: 300px) 100vw, 300px\" \/><\/a><p id=\"caption-attachment-81933\" class=\"wp-caption-text\"><span style=\"color: #000000;\">Trabajo de Turismo en los ingresos a Alvear.<\/span><\/p><\/div>\n<p><span style=\"color: #000000;\">En dialogo con <strong>F.M. VI\u00d1AS<\/strong>, la <strong>Directora Fabiana Gonz\u00e1lez<\/strong> expres\u00f3: &#8216;<strong><em>Las expectativas fueron buenas previo al finde largo junto con el equipo de Turismo y los prestadores quienes desde hac\u00eda tiempo se ven\u00edan preparando para regresar a la actividad<\/em><\/strong>&#8216;.<\/span><\/p>\n<p><span style=\"color: #000000;\">En el ingreso por <strong>Ruta 188<\/strong>, en su intersecci\u00f3n con Av. Sarmiento, se apost\u00f3 personal de Turismo y Delegados Distritales a recibir a los turistas: &#8216;<strong><em>Empez\u00e1bamos comparti\u00e9ndoles un s\u00e1ndwich de jam\u00f3n y gu\u00edas de los lugares atractivos de nuestro departamento. Adem\u00e1s, los invitamos a disfrutar de la Peatonal del Vino, Multiespacio Bodega Fara\u00f3n, Reserva El Trapal y Costanera Alvear como as\u00ed tambi\u00e9n a que recorran nuestro lugares gastron\u00f3micos<\/em><\/strong>&#8216;.<\/span><\/p>\n<p><span style=\"color: #000000;\">Al ser consultada sobre la respuesta de los turistas ante significativo recibimiento, grafic\u00f3: &#8216;<em><b>La verdad recibimos buenas devoluciones por parte de muchas personas, que adem\u00e1s, aquellos que aun no hab\u00edan reservado alojamiento consultaban sobre lugares para alquilar y espacios recreativos con sus respectivos\u00a0<\/b><\/em><b><i>protocolos<\/i><\/b>&#8216;.<\/span><\/p>\n<p><span style=\"color: #000000;\">En la misma l\u00ednea subray\u00f3 que &#8216;<strong><em>el porcentaje de reserva fue muy bueno. La gente est\u00e1 \u00e1vida de viajar y encontrarse. El verano ya lo tenemos a anda y esperamos que nuestro departamento sea la opci\u00f3n de muchos<\/em><\/strong>&#8216;.<\/span><\/p>\n<p><span style=\"color: #000000;\">Asimismo, sostuvo que el turismo interno es vital pero recibir turismo de afuera es muy valorable porque son los que generan <strong>ingresos per c\u00e1pita de $3000 diarios<\/strong> &#8216;<strong><em>entre caba\u00f1as, entradas, alimentos, presentes y dem\u00e1s<\/em><\/strong>&#8216;.<\/span><\/p>\n<h5><span style=\"color: #000000;\">\u2022F.B. (F.M. Vi\u00f1as).<\/span><\/h5>\n","protected":false},"excerpt":{"rendered":"<p>El balance del fin de semana largo, aun vigente, ha sido positivo para el sector tur\u00edstico de nuestro departamento alcanzando el &#8230;<\/p>\n","protected":false},"author":8,"featured_media":81932,"comment_status":"open","ping_status":"open","sticky":false,"template":"","format":"standard","meta":{"footnotes":""},"categories":[5,21],"tags":[],"class_list":["post-81931","post","type-post","status-publish","format-standard","has-post-thumbnail","hentry","category-actualidad","category-turismo-2"],"_links":{"self":[{"href":"https:\/\/vinasfm.com\/noticias\/wp-json\/wp\/v2\/posts\/81931","targetHints":{"allow":["GET"]}}],"collection":[{"href":"https:\/\/vinasfm.com\/noticias\/wp-json\/wp\/v2\/posts"}],"about":[{"href":"https:\/\/vinasfm.com\/noticias\/wp-json\/wp\/v2\/types\/post"}],"author":[{"embeddable":true,"href":"https:\/\/vinasfm.com\/noticias\/wp-json\/wp\/v2\/users\/8"}],"replies":[{"embeddable":true,"href":"https:\/\/vinasfm.com\/noticias\/wp-json\/wp\/v2\/comments?post=81931"}],"version-history":[{"count":5,"href":"https:\/\/vinasfm.com\/noticias\/wp-json\/wp\/v2\/posts\/81931\/revisions"}],"predecessor-version":[{"id":81938,"href":"https:\/\/vinasfm.com\/noticias\/wp-json\/wp\/v2\/posts\/81931\/revisions\/81938"}],"wp:featuredmedia":[{"embeddable":true,"href":"https:\/\/vinasfm.com\/noticias\/wp-json\/wp\/v2\/media\/81932"}],"wp:attachment":[{"href":"https:\/\/vinasfm.com\/noticias\/wp-json\/wp\/v2\/media?parent=81931"}],"wp:term":[{"taxonomy":"category","embeddable":true,"href":"https:\/\/vinasfm.com\/noticias\/wp-json\/wp\/v2\/categories?post=81931"},{"taxonomy":"post_tag","embeddable":true,"href":"https:\/\/vinasfm.com\/noticias\/wp-json\/wp\/v2\/tags?post=81931"}],"curies":[{"name":"wp","href":"https:\/\/api.w.org\/{rel}","templated":true}]}}