{"id":81855,"date":"2020-12-06T22:08:32","date_gmt":"2020-12-07T01:08:32","guid":{"rendered":"http:\/\/vinasfm.com\/noticias\/?p=81855"},"modified":"2020-12-07T06:42:15","modified_gmt":"2020-12-07T09:42:15","slug":"alvear-participo-activamente-en-la-cumbre-de-mercociudades","status":"publish","type":"post","link":"https:\/\/vinasfm.com\/noticias\/alvear-participo-activamente-en-la-cumbre-de-mercociudades\/","title":{"rendered":"ALVEAR PARTICIP\u00d3 ACTIVAMENTE EN LA CUMBRE DE MERCOCIUDADES"},"content":{"rendered":"<h4><span style=\"color: #000000;\"><strong>El Intendente Walther Marcolini particip\u00f3 de la XXV Cumbre de Mercociudades, junto a autoridades y representantes de gobiernos locales, organizaciones sociales, entidades acad\u00e9micas, organismos internacionales, as\u00ed como p\u00fablico en general de la regi\u00f3n y el mundo. General Alvear ratific\u00f3 la Coordinaci\u00f3n del \u00c1rea de Deportes.<\/strong><\/span><\/h4>\n<p><span style=\"color: #000000;\">El evento fue organizado por <strong>Tandil<\/strong>, la ciudad argentina que ejercer\u00e1 la presidencia de la Red en los pr\u00f3ximos 12 meses, y por primera vez se hace de manera virtual. <strong>General Alvear<\/strong>, representado por el Intendente, <strong>expuso sobre el convenio de Cooperaci\u00f3n Sur-Sur por el cual se realizar\u00e1 el pr\u00f3ximo a\u00f1o<\/strong>, <strong>un intercambio de estudiantes de Idesa Ugacoop con estudiantes de la Escuela Superior Polit\u00e9cnica de Chimborazo<\/strong> (Riobamba, Ecuador).<\/span><\/p>\n<p><span style=\"color: #000000;\">La <strong>Coordinadora de Cooperaci\u00f3n Internacional e Inversiones Carina Lucero<\/strong> manifest\u00f3: &#8216;<strong><em>General Alvear es una de las ciudades m\u00e1s activas del corredor oeste del Pa\u00eds. Durante la \u00faltima jornada se realiz\u00f3 la asamblea donde se ratifican los diferentes espacios de trabajo, en ese marco nuestro departamento ratific\u00f3 la Coordinaci\u00f3n del \u00c1rea de Deportes para toda la red y abog\u00f3 por una participaci\u00f3n activa en Educaci\u00f3n, Discapacidad y en el \u00c1rea de Ciencia y Tecnolog\u00eda&#8217;.<\/em><\/strong><\/span><\/p>\n<p><span style=\"color: #000000;\">Lucero destac\u00f3 el <strong>acuerdo Sur-Sur<\/strong> firmado el a\u00f1o pasado por nuestro departamento: &#8216;<strong><em>Mediante este acuerdo generamos un intercambio de estudiantes de Biotecnolog\u00eda de ambos pa\u00edses, esta es una oportunidad que va a cambiar la vida de nuestros estudiantes y nuestros docentes. Si bien se preve\u00eda que el viaje se realizara este a\u00f1o, se hicieron todos los pedidos del caso para que se lleve adelante en el 2021&#8242;<\/em><\/strong>.<\/span><\/p>\n<p><span style=\"color: #000000;\">La cumbre <strong>estuvo conformada por m\u00e1s de 500 participaciones gubernamentales<\/strong> acreditadas con la participaci\u00f3n de organismos internacionales de cr\u00e9dito, organismos bilaterales, que a partir del contexto de pandemia le dan otra importancia a la relaci\u00f3n con los municipios: &#8216;<strong><em>La oportunidad que tenemos de trabajar en red es enorme y est\u00e1 al alcance, en nuestro caso General Alvear es parte del Consejo de Ciudades, que es el \u00f3rgano que acompa\u00f1a en el Gobierno a la Presidencia, somos 14 ciudades del cono sur&#8217;,<\/em><\/strong>\u00a0expres\u00f3 Lucero.<\/span><\/p>\n<p><span style=\"color: #000000;\">En este marco, y por su posici\u00f3n, General Alvear es la voz del sur de Mendoza, en alianza con Chile y nuevos mercados: &#8216;<strong><em>Actualmente nuestro departamento es el \u00fanico departamento en la Red de Mercociudades, ahora se est\u00e1 votando la incorporaci\u00f3n de un nuevo municipio que es Las Heras, en el caso de Argentina predominan las ciudades de mediano tama\u00f1o y de escala amplia<\/em><\/strong>&#8216;, concluy\u00f3 Carina Lucero.<\/span><\/p>\n<h5><span style=\"color: #000000;\">\u2022F.B. (F.M. Vi\u00f1as).<\/span><\/h5>\n","protected":false},"excerpt":{"rendered":"<p>El Intendente Walther Marcolini particip\u00f3 de la XXV Cumbre de Mercociudades, junto a autoridades y representantes de gobiernos locales, organizaciones sociales, &#8230;<\/p>\n","protected":false},"author":8,"featured_media":81856,"comment_status":"open","ping_status":"open","sticky":false,"template":"","format":"standard","meta":{"footnotes":""},"categories":[5,10],"tags":[],"class_list":["post-81855","post","type-post","status-publish","format-standard","has-post-thumbnail","hentry","category-actualidad","category-destacadas"],"_links":{"self":[{"href":"https:\/\/vinasfm.com\/noticias\/wp-json\/wp\/v2\/posts\/81855","targetHints":{"allow":["GET"]}}],"collection":[{"href":"https:\/\/vinasfm.com\/noticias\/wp-json\/wp\/v2\/posts"}],"about":[{"href":"https:\/\/vinasfm.com\/noticias\/wp-json\/wp\/v2\/types\/post"}],"author":[{"embeddable":true,"href":"https:\/\/vinasfm.com\/noticias\/wp-json\/wp\/v2\/users\/8"}],"replies":[{"embeddable":true,"href":"https:\/\/vinasfm.com\/noticias\/wp-json\/wp\/v2\/comments?post=81855"}],"version-history":[{"count":1,"href":"https:\/\/vinasfm.com\/noticias\/wp-json\/wp\/v2\/posts\/81855\/revisions"}],"predecessor-version":[{"id":81857,"href":"https:\/\/vinasfm.com\/noticias\/wp-json\/wp\/v2\/posts\/81855\/revisions\/81857"}],"wp:featuredmedia":[{"embeddable":true,"href":"https:\/\/vinasfm.com\/noticias\/wp-json\/wp\/v2\/media\/81856"}],"wp:attachment":[{"href":"https:\/\/vinasfm.com\/noticias\/wp-json\/wp\/v2\/media?parent=81855"}],"wp:term":[{"taxonomy":"category","embeddable":true,"href":"https:\/\/vinasfm.com\/noticias\/wp-json\/wp\/v2\/categories?post=81855"},{"taxonomy":"post_tag","embeddable":true,"href":"https:\/\/vinasfm.com\/noticias\/wp-json\/wp\/v2\/tags?post=81855"}],"curies":[{"name":"wp","href":"https:\/\/api.w.org\/{rel}","templated":true}]}}