{"id":81667,"date":"2020-12-03T07:49:09","date_gmt":"2020-12-03T10:49:09","guid":{"rendered":"http:\/\/vinasfm.com\/noticias\/?p=81667"},"modified":"2020-12-03T12:16:29","modified_gmt":"2020-12-03T15:16:29","slug":"asi-sera-el-proceso-de-inscripcion-en-el-nivel-secundario","status":"publish","type":"post","link":"https:\/\/vinasfm.com\/noticias\/asi-sera-el-proceso-de-inscripcion-en-el-nivel-secundario\/","title":{"rendered":"AS\u00cd SER\u00c1 EL PROCESO DE INSCRIPCI\u00d3N EN EL NIVEL SECUNDARIO"},"content":{"rendered":"<h4><span style=\"color: #000000;\"><strong>Comienza el procedimiento para la inscripci\u00f3n a la secundaria, que se desarrollar\u00e1 de manera presencial o a trav\u00e9s de la modalidad virtual, y se extender\u00e1 entre el 4 y 14 de diciembre para las dos primeras instancias.<\/strong><\/span><\/h4>\n<p><span style=\"color: #000000;\">Se trata de la inscripci\u00f3n de alumnos de 7\u00b0 grado a 1\u00b0 a\u00f1o de Nivel Secundario, correspondiente al ciclo lectivo 2021, que debido a la emergencia sanitaria por la pandemia de Covid-19 fue necesario postergar hasta el pr\u00f3ximo viernes 4 de diciembre, fecha en la cual arrancan la primera y segunda instancias.<\/span><\/p>\n<p><span style=\"color: #000000;\">El proceso de inscripci\u00f3n constar\u00e1 de cuatro instancias o etapas de inscripci\u00f3n y la primera instancia ser\u00e1 con la inscripci\u00f3n directa, de manera presencial o virtual online. Es para estudiantes con discapacidad o incluidos, con certificado \u00fanico de discapacidad (CUD) o certificaci\u00f3n del m\u00e9dico especialista registrado en GEM. Tambi\u00e9n para hermanos de los estudiantes que asisten a la escuela secundaria.<\/span><\/p>\n<p><span style=\"color: #000000;\">Entran en esta etapa tambi\u00e9n la cuesti\u00f3n de cercan\u00eda al domicilio del estudiante y se considera as\u00ed a aquellos alumnos que registren domicilio en un radio de hasta 1,5 km de la escuela secundaria en zona urbana y hasta 5 km del establecimiento secundario en zona rural.<\/span><\/p>\n<p><span style=\"color: #000000;\">Tambi\u00e9n para estudiantes abanderados y escoltas titulares, cuando los aspirantes superen las vacantes establecidas para esta instancia, se proceder\u00e1 a realizar un orden de m\u00e9rito por promedio con todos los aspirantes.<\/span><\/p>\n<p><span style=\"color: #000000;\">La segunda instancia es con la selecci\u00f3n de opciones o postulaciones, de manera virtual. Ser\u00e1 del 4 hasta el 14 de diciembre de 2020. Los padres o adultos responsables deber\u00e1n seleccionar entre tres (3) y cinco (5) escuelas de su preferencia. Solo podr\u00e1n hacer opciones aquellos estudiantes que no se encuentren inscriptos en alguna instituci\u00f3n. Las postulaciones deber\u00e1n hacerlas los padres o adultos responsables por Autogesti\u00f3n desde GEM PAD Padres, al ingresar con su usuario y clave.<\/span><\/p>\n<p><span style=\"color: #000000;\">El 21 de diciembre de 2020 se realizar\u00e1 la corrida de proceso de asignaci\u00f3n de banco en segunda instancia, a cargo de la Direcci\u00f3n de Tecnolog\u00edas de la Informaci\u00f3n de DGE, y abarcar\u00e1 dos partes: una primera, para los abanderados y escoltas titulares que no obtuvieron banco en primera instancia (inscripci\u00f3n directa) y que hayan postulado escuelas en esta segunda instancia; y una segunda, para el resto de los estudiantes sin banco asignado y que hayan postulado en segunda instancia.<\/span><\/p>\n<p><span style=\"color: #000000;\">La tercera instancia ser\u00e1 la reubicaci\u00f3n de estudiantes sin banco desde el 8 hasta el 12 de febrero de 2021. Los directivos de nivel primario hacen el seguimiento de la inscripci\u00f3n de sus estudiantes sin banco asignado e informa a los padres que se acerquen a la Supervisi\u00f3n de Secundaria m\u00e1s cercana al domicilio.<\/span><\/p>\n<p><span style=\"color: #000000;\">La cuarta instancia es la reubicaci\u00f3n de estudiantes sin banco y va del 17 al 25 de febrero de 2021. El 16 de febrero de 2021 la Direcci\u00f3n de Tecnolog\u00edas de la Informaci\u00f3n de DGE realizar\u00e1 consulta de estudiantes sin banco y\/o sin inscripci\u00f3n registrada en ning\u00fan establecimiento educativo de gesti\u00f3n p\u00fablica o privada, y emitir\u00e1 informe a las direcciones de l\u00ednea involucradas.<\/span><\/p>\n<h5><strong><em>A.C.<\/em><\/strong><\/h5>\n","protected":false},"excerpt":{"rendered":"<p>Comienza el procedimiento para la inscripci\u00f3n a la secundaria, que se desarrollar\u00e1 de manera presencial o a trav\u00e9s de la modalidad &#8230;<\/p>\n","protected":false},"author":7,"featured_media":48215,"comment_status":"open","ping_status":"open","sticky":false,"template":"","format":"standard","meta":{"footnotes":""},"categories":[5,18],"tags":[],"class_list":["post-81667","post","type-post","status-publish","format-standard","has-post-thumbnail","hentry","category-actualidad","category-educacion"],"_links":{"self":[{"href":"https:\/\/vinasfm.com\/noticias\/wp-json\/wp\/v2\/posts\/81667","targetHints":{"allow":["GET"]}}],"collection":[{"href":"https:\/\/vinasfm.com\/noticias\/wp-json\/wp\/v2\/posts"}],"about":[{"href":"https:\/\/vinasfm.com\/noticias\/wp-json\/wp\/v2\/types\/post"}],"author":[{"embeddable":true,"href":"https:\/\/vinasfm.com\/noticias\/wp-json\/wp\/v2\/users\/7"}],"replies":[{"embeddable":true,"href":"https:\/\/vinasfm.com\/noticias\/wp-json\/wp\/v2\/comments?post=81667"}],"version-history":[{"count":1,"href":"https:\/\/vinasfm.com\/noticias\/wp-json\/wp\/v2\/posts\/81667\/revisions"}],"predecessor-version":[{"id":81668,"href":"https:\/\/vinasfm.com\/noticias\/wp-json\/wp\/v2\/posts\/81667\/revisions\/81668"}],"wp:featuredmedia":[{"embeddable":true,"href":"https:\/\/vinasfm.com\/noticias\/wp-json\/wp\/v2\/media\/48215"}],"wp:attachment":[{"href":"https:\/\/vinasfm.com\/noticias\/wp-json\/wp\/v2\/media?parent=81667"}],"wp:term":[{"taxonomy":"category","embeddable":true,"href":"https:\/\/vinasfm.com\/noticias\/wp-json\/wp\/v2\/categories?post=81667"},{"taxonomy":"post_tag","embeddable":true,"href":"https:\/\/vinasfm.com\/noticias\/wp-json\/wp\/v2\/tags?post=81667"}],"curies":[{"name":"wp","href":"https:\/\/api.w.org\/{rel}","templated":true}]}}