{"id":81649,"date":"2020-12-03T08:02:55","date_gmt":"2020-12-03T11:02:55","guid":{"rendered":"http:\/\/vinasfm.com\/noticias\/?p=81649"},"modified":"2020-12-04T10:24:47","modified_gmt":"2020-12-04T13:24:47","slug":"alvear-el-82-de-los-casos-reportados-se-han-recuperado-de-covid-19","status":"publish","type":"post","link":"https:\/\/vinasfm.com\/noticias\/alvear-el-82-de-los-casos-reportados-se-han-recuperado-de-covid-19\/","title":{"rendered":"ALVEAR: EL 82% DE LOS CASOS REPORTADOS SE HAN RECUPERADO DE COVID-19"},"content":{"rendered":"<h5><span style=\"color: #000000;\"><strong>De acuerdo al informe suministrado por el Laboratorio Covid Regi\u00f3n Sur, Alvear registr\u00f3 13 nuevos casos positivos de Covid-19 en las \u00faltimas 24 horas, lapso en el que se confirm\u00f3 la recuperaci\u00f3n de 69 pacientes.<\/strong><\/span><\/h5>\n<p><span style=\"color: #000000;\">Al momento, el total de casos acumulados en el Hospital\u00a0<em>Enfermeros Argentinos\u00a0<\/em>es de\u00a0<strong>1499 <\/strong><strong>(233 <\/strong><strong>casos\u00a0<\/strong><strong>activos, 1229 <\/strong><strong>casos recuperados, 37\u00a0<\/strong><strong>fallecimientos<\/strong>).<\/span><\/p>\n<h4 style=\"text-align: center;\"><span style=\"color: #000000;\"><strong>INFORME REGI\u00d3N SUR<\/strong><\/span><\/h4>\n<p><span style=\"color: #000000;\">Este\u00a0<strong>mi\u00e9rcoles<\/strong>, los tres departamentos del sur mendocino sumaron\u00a0<strong>55<\/strong>\u00a0<strong>nuevos casos de Covid-19.\u00a0<\/strong>Se procesaron\u00a0<strong>109 muestras de PCR: 54 fueron negativas y 55<\/strong>\u00a0<strong>resultaron positivas.<\/strong><\/span><\/p>\n<ul>\n<li><span style=\"color: #000000;\"><strong>GENERAL ALVEAR: 13 casos positivos.<\/strong><\/span><\/li>\n<li><span style=\"color: #000000;\"><strong>SAN RAFAEL: 41 casos positivos.<\/strong><\/span><\/li>\n<li><span style=\"color: #000000;\"><strong>MALARG\u00dcE: 1 casos positivos.<\/strong><\/span><\/li>\n<\/ul>\n<p><span style=\"color: #000000;\">Adem\u00e1s se inform\u00f3 la <strong>recuperaci\u00f3n de 178 pacientes:<\/strong><\/span><\/p>\n<ul>\n<li><span style=\"color: #000000;\"><strong>San Rafael: 100 pacientes. <\/strong><\/span><\/li>\n<li><span style=\"color: #000000;\"><strong>General Alvear: 69 pacientes. <\/strong><\/span><\/li>\n<li><span style=\"color: #000000;\"><strong>Malarg\u00fce: 9 pacientes.<\/strong><\/span><\/li>\n<\/ul>\n<p><span style=\"color: #000000;\"><strong>Con estas cifras, San Rafael, Malarg\u00fce y General Alvear cuentan con 6557 casos positivos confirmados de los cuales 4698 se han recuperado y 145 han perdido la vida por Covid-19.<\/strong><\/span><\/p>\n<h5><span style=\"color: #000000;\">\u2022F.B. (F.M. Vi\u00f1as).<\/span><\/h5>\n","protected":false},"excerpt":{"rendered":"<p>De acuerdo al informe suministrado por el Laboratorio Covid Regi\u00f3n Sur, Alvear registr\u00f3 13 nuevos casos positivos de Covid-19 en las &#8230;<\/p>\n","protected":false},"author":8,"featured_media":37045,"comment_status":"open","ping_status":"open","sticky":false,"template":"","format":"standard","meta":{"footnotes":""},"categories":[5,62],"tags":[],"class_list":["post-81649","post","type-post","status-publish","format-standard","has-post-thumbnail","hentry","category-actualidad","category-coronavirus"],"_links":{"self":[{"href":"https:\/\/vinasfm.com\/noticias\/wp-json\/wp\/v2\/posts\/81649","targetHints":{"allow":["GET"]}}],"collection":[{"href":"https:\/\/vinasfm.com\/noticias\/wp-json\/wp\/v2\/posts"}],"about":[{"href":"https:\/\/vinasfm.com\/noticias\/wp-json\/wp\/v2\/types\/post"}],"author":[{"embeddable":true,"href":"https:\/\/vinasfm.com\/noticias\/wp-json\/wp\/v2\/users\/8"}],"replies":[{"embeddable":true,"href":"https:\/\/vinasfm.com\/noticias\/wp-json\/wp\/v2\/comments?post=81649"}],"version-history":[{"count":3,"href":"https:\/\/vinasfm.com\/noticias\/wp-json\/wp\/v2\/posts\/81649\/revisions"}],"predecessor-version":[{"id":81653,"href":"https:\/\/vinasfm.com\/noticias\/wp-json\/wp\/v2\/posts\/81649\/revisions\/81653"}],"wp:featuredmedia":[{"embeddable":true,"href":"https:\/\/vinasfm.com\/noticias\/wp-json\/wp\/v2\/media\/37045"}],"wp:attachment":[{"href":"https:\/\/vinasfm.com\/noticias\/wp-json\/wp\/v2\/media?parent=81649"}],"wp:term":[{"taxonomy":"category","embeddable":true,"href":"https:\/\/vinasfm.com\/noticias\/wp-json\/wp\/v2\/categories?post=81649"},{"taxonomy":"post_tag","embeddable":true,"href":"https:\/\/vinasfm.com\/noticias\/wp-json\/wp\/v2\/tags?post=81649"}],"curies":[{"name":"wp","href":"https:\/\/api.w.org\/{rel}","templated":true}]}}