{"id":81610,"date":"2020-12-02T09:52:40","date_gmt":"2020-12-02T12:52:40","guid":{"rendered":"http:\/\/vinasfm.com\/noticias\/?p=81610"},"modified":"2020-12-03T12:18:32","modified_gmt":"2020-12-03T15:18:32","slug":"mario-vadillo-sobre-la-ley-de-oncopediatria-salvar-la-vida-de-ninos-no-es-un-gasto","status":"publish","type":"post","link":"https:\/\/vinasfm.com\/noticias\/mario-vadillo-sobre-la-ley-de-oncopediatria-salvar-la-vida-de-ninos-no-es-un-gasto\/","title":{"rendered":"MARIO VADILLO SOBRE LA LEY DE ONCOPEDIATR\u00cdA: &#8216;SALVAR LA VIDA DE NI\u00d1OS NO ES UN GASTO&#8217;"},"content":{"rendered":"<p><span style=\"color: #000000;\"><strong>Luego de que el pasado 13 de octubre, la C\u00e1mara de\u00a0<a style=\"color: #000000;\" href=\"http:\/\/vinasfm.com\/noticias\/la-ley-oncopediatrica-obtuvo-media-sancion-en-el-senado-mendocino\/\">Senadores de Mendoza aprobara por unanimidad el proyecto de Ley Oncopedi\u00e1trica<\/a>\u00a0pasando a Diputados para su sanci\u00f3n final, la Comisi\u00f3n de Salud de la c\u00e1mara baja se niega a tratarla por pedido de Hebe Casado y el presidente del cuerpo, Andr\u00e9s Lombardi.<\/strong><\/span><\/p>\n<p><span style=\"color: #000000;\">El proyecto\u00a0<strong>impulsa la creaci\u00f3n de un programa para el cuidado integral de ni\u00f1os y adolescentes con c\u00e1ncer garantizando mejor atenci\u00f3n hospitalaria y recursos para sus tratamientos<\/strong>, iniciativa lograda por un grupo importante de familiares de chicos con c\u00e1ncer en nuestra provincia.<\/span><\/p>\n<p><span style=\"color: #000000;\">En contacto con F.M. Vi\u00f1as el diputado por Ciudadanos por Mendoza Mario Vadillo manifest\u00f3 \u201c<strong><em>el mismo bloque oficialista defini\u00f3 que tiene observaciones para hacer, sobre todo en materia presupuestaria\u201d<\/em><\/strong>, con el argumento de que <em>\u201cva a generar mayores partidas en el presupuesto, lo que fue un motivo para que se frenara\u201d.<\/em><\/span><\/p>\n<p><span style=\"color: #000000;\"><strong><em>\u201cVimos como muchas madres rompieron en llanto. Es dificultoso llegar desde el sur <\/em>(u otras partes de la provincia alejadas)<em> al Hospital Notti para hacer los tratamientos oncol\u00f3gicos de sus hijos\u201d<\/em>,<\/strong> a esto se suma la falta de recursos de algunas familias para poder hacer frente a viajes, alojamiento, incluso debiendo dejar sus trabajos para poder acompa\u00f1ar a sus hijos.<\/span><\/p>\n<p><span style=\"color: #000000;\">Uno de los argumentos del oficialismo es el tema presupuestario, en este sentido Vadillo expres\u00f3 <strong><em>\u201ccuando no se ayuda a una mama a acondicionar su casa, a hacerla inmunol\u00f3gicamente correcta, para que su hijo pueda seguir el tratamiento en su hogar, lo que no est\u00e1 pagando el estado en reacondicionar su casa, lo termina pagando en m\u00e1s d\u00edas en el hospital\u201d.<\/em><\/strong> \u00a0<\/span><\/p>\n<p><a href=\"http:\/\/vinasfm.com\/noticias\/wp-content\/uploads\/2020\/12\/TW-vadillo.png\"><img loading=\"lazy\" decoding=\"async\" class=\" wp-image-81612 aligncenter\" src=\"http:\/\/vinasfm.com\/noticias\/wp-content\/uploads\/2020\/12\/TW-vadillo-300x133.png\" alt=\"\" width=\"613\" height=\"272\" srcset=\"https:\/\/vinasfm.com\/noticias\/wp-content\/uploads\/2020\/12\/TW-vadillo-300x133.png 300w, https:\/\/vinasfm.com\/noticias\/wp-content\/uploads\/2020\/12\/TW-vadillo.png 594w\" sizes=\"auto, (max-width: 613px) 100vw, 613px\" \/><\/a><\/p>\n<h5><strong><em>A.C.<\/em><\/strong><\/h5>\n","protected":false},"excerpt":{"rendered":"<p>Luego de que el pasado 13 de octubre, la C\u00e1mara de\u00a0Senadores de Mendoza aprobara por unanimidad el proyecto de Ley Oncopedi\u00e1trica\u00a0pasando &#8230;<\/p>\n","protected":false},"author":7,"featured_media":81638,"comment_status":"open","ping_status":"open","sticky":false,"template":"","format":"standard","meta":{"footnotes":""},"categories":[5,15],"tags":[],"class_list":["post-81610","post","type-post","status-publish","format-standard","has-post-thumbnail","hentry","category-actualidad","category-salud"],"_links":{"self":[{"href":"https:\/\/vinasfm.com\/noticias\/wp-json\/wp\/v2\/posts\/81610","targetHints":{"allow":["GET"]}}],"collection":[{"href":"https:\/\/vinasfm.com\/noticias\/wp-json\/wp\/v2\/posts"}],"about":[{"href":"https:\/\/vinasfm.com\/noticias\/wp-json\/wp\/v2\/types\/post"}],"author":[{"embeddable":true,"href":"https:\/\/vinasfm.com\/noticias\/wp-json\/wp\/v2\/users\/7"}],"replies":[{"embeddable":true,"href":"https:\/\/vinasfm.com\/noticias\/wp-json\/wp\/v2\/comments?post=81610"}],"version-history":[{"count":2,"href":"https:\/\/vinasfm.com\/noticias\/wp-json\/wp\/v2\/posts\/81610\/revisions"}],"predecessor-version":[{"id":81635,"href":"https:\/\/vinasfm.com\/noticias\/wp-json\/wp\/v2\/posts\/81610\/revisions\/81635"}],"wp:featuredmedia":[{"embeddable":true,"href":"https:\/\/vinasfm.com\/noticias\/wp-json\/wp\/v2\/media\/81638"}],"wp:attachment":[{"href":"https:\/\/vinasfm.com\/noticias\/wp-json\/wp\/v2\/media?parent=81610"}],"wp:term":[{"taxonomy":"category","embeddable":true,"href":"https:\/\/vinasfm.com\/noticias\/wp-json\/wp\/v2\/categories?post=81610"},{"taxonomy":"post_tag","embeddable":true,"href":"https:\/\/vinasfm.com\/noticias\/wp-json\/wp\/v2\/tags?post=81610"}],"curies":[{"name":"wp","href":"https:\/\/api.w.org\/{rel}","templated":true}]}}