{"id":81548,"date":"2020-12-01T09:59:24","date_gmt":"2020-12-01T12:59:24","guid":{"rendered":"http:\/\/vinasfm.com\/noticias\/?p=81548"},"modified":"2020-12-02T07:51:16","modified_gmt":"2020-12-02T10:51:16","slug":"el-concejal-jose-moran-y-la-diputada-maricel-arriaga-solicitaron-cumplimiento-de-la-ley-nacional-de-emergencia-agropecuaria","status":"publish","type":"post","link":"https:\/\/vinasfm.com\/noticias\/el-concejal-jose-moran-y-la-diputada-maricel-arriaga-solicitaron-cumplimiento-de-la-ley-nacional-de-emergencia-agropecuaria\/","title":{"rendered":"JOSE MOR\u00c1N Y MARICEL ARRIAGA SOLICITARON EL CUMPLIMIENTO DE LA LEY NACIONAL DE EMERGENCIA AGROPECUARIA"},"content":{"rendered":"<h4><span style=\"color: #000000;\"><strong>En la \u00faltima sesi\u00f3n el Concejo Deliberante aprob\u00f3 sobre tablas el Proyecto de Resoluci\u00f3n presentado por Jos\u00e9 Mor\u00e1n (UCR) d\u00f3nde se \u00abAdhiere al Proyecto de la Diputada Arriaga para solicitar al Ministerio de Agricultura, Ganader\u00eda y Pesca de la Naci\u00f3n que d\u00e9 Cumplimiento a la Ley Nacional 26.509\u00bb.<\/strong><\/span><\/h4>\n<p><span style=\"color: #000000;\">En dialogo con F.M. Vi\u00f1as el edil explic\u00f3 que la legislaci\u00f3n nacional data desde 2.009 y lo que hace es <strong><em>\u201ccrear un sistema nacional de prevenci\u00f3n y mitigaci\u00f3n para los desastres agropecuarios como los que tiene hoy Mendoza y principalmente General Alvear\u201d.<\/em><\/strong><\/span><\/p>\n<p><span style=\"color: #000000;\">A ra\u00edz de la dif\u00edcil situaci\u00f3n que atraviesa el sector agr\u00edcola, agravada por la pandemia y la crisis econ\u00f3mica <em>\u201cser\u00eda muy importante contar con esta Ley porque <strong>establece beneficios directos a los productores Agropecuarios que son afectados por heladas tard\u00edas, granizo u incendios\u201d<\/strong><\/em>, se\u00f1al\u00f3 el edil.<\/span><\/p>\n<p><span style=\"color: #000000;\">Los beneficios que incluye la declaraci\u00f3n nacional van desde p<strong>r\u00f3rrogas en cr\u00e9ditos del Banco Naci\u00f3n, e impuestos de AFIP, cr\u00e9ditos a tasa Subsidiada y asistencia t\u00e9cnica y financiera a los productores, algo similar a lo que ocurre con la emergencia y\/o desastre provincial ante organismos como Irrigaci\u00f3n, ATM, Fondo de la transformaci\u00f3n, entre otros.<\/strong><\/span><\/p>\n<p><span style=\"color: #000000;\">Vale aclarar que la Naci\u00f3n declar\u00f3 a Mendoza en emergencia Agropecuaria seg\u00fan Resoluci\u00f3n 58\/ 2019 y vence en marzo del 2021.<\/span><\/p>\n<h5><span style=\"color: #000000;\"><strong><em>A.C.<\/em><\/strong><\/span><\/h5>\n","protected":false},"excerpt":{"rendered":"<p>En la \u00faltima sesi\u00f3n el Concejo Deliberante aprob\u00f3 sobre tablas el Proyecto de Resoluci\u00f3n presentado por Jos\u00e9 Mor\u00e1n (UCR) d\u00f3nde se &#8230;<\/p>\n","protected":false},"author":7,"featured_media":69721,"comment_status":"open","ping_status":"open","sticky":false,"template":"","format":"standard","meta":{"footnotes":""},"categories":[5,26],"tags":[],"class_list":["post-81548","post","type-post","status-publish","format-standard","has-post-thumbnail","hentry","category-actualidad","category-hcd"],"_links":{"self":[{"href":"https:\/\/vinasfm.com\/noticias\/wp-json\/wp\/v2\/posts\/81548","targetHints":{"allow":["GET"]}}],"collection":[{"href":"https:\/\/vinasfm.com\/noticias\/wp-json\/wp\/v2\/posts"}],"about":[{"href":"https:\/\/vinasfm.com\/noticias\/wp-json\/wp\/v2\/types\/post"}],"author":[{"embeddable":true,"href":"https:\/\/vinasfm.com\/noticias\/wp-json\/wp\/v2\/users\/7"}],"replies":[{"embeddable":true,"href":"https:\/\/vinasfm.com\/noticias\/wp-json\/wp\/v2\/comments?post=81548"}],"version-history":[{"count":2,"href":"https:\/\/vinasfm.com\/noticias\/wp-json\/wp\/v2\/posts\/81548\/revisions"}],"predecessor-version":[{"id":81567,"href":"https:\/\/vinasfm.com\/noticias\/wp-json\/wp\/v2\/posts\/81548\/revisions\/81567"}],"wp:featuredmedia":[{"embeddable":true,"href":"https:\/\/vinasfm.com\/noticias\/wp-json\/wp\/v2\/media\/69721"}],"wp:attachment":[{"href":"https:\/\/vinasfm.com\/noticias\/wp-json\/wp\/v2\/media?parent=81548"}],"wp:term":[{"taxonomy":"category","embeddable":true,"href":"https:\/\/vinasfm.com\/noticias\/wp-json\/wp\/v2\/categories?post=81548"},{"taxonomy":"post_tag","embeddable":true,"href":"https:\/\/vinasfm.com\/noticias\/wp-json\/wp\/v2\/tags?post=81548"}],"curies":[{"name":"wp","href":"https:\/\/api.w.org\/{rel}","templated":true}]}}