{"id":81346,"date":"2020-11-27T09:41:44","date_gmt":"2020-11-27T12:41:44","guid":{"rendered":"http:\/\/vinasfm.com\/noticias\/?p=81346"},"modified":"2020-11-27T10:48:39","modified_gmt":"2020-11-27T13:48:39","slug":"que-beneficiarios-de-anses-cobran-sus-haberes-este-viernes","status":"publish","type":"post","link":"https:\/\/vinasfm.com\/noticias\/que-beneficiarios-de-anses-cobran-sus-haberes-este-viernes\/","title":{"rendered":"QU\u00c9 BENEFICIARIOS DE ANSES COBRAN SUS HABERES ESTE VIERNES"},"content":{"rendered":"<h4><span style=\"color: #000000;\"><strong>La ANSES, organismo a cargo de Fernanda Raverta, informa que hoy se abonan jubilaciones, pensiones, Prestaci\u00f3n por Desempleo y Programa ATP.<\/strong><\/span><\/h4>\n<h4><span style=\"color: #000000;\"><strong>Jubilaciones y pensiones del Sistema Integrado Previsional Argentino (SIPA)<\/strong><\/span><\/h4>\n<p><span style=\"color: #000000;\">Las sucursales bancarias habilitadas atender\u00e1n por ventanilla solo a los jubilados y pensionados con documentos terminados en <strong>6 <\/strong>y<strong> 7 <\/strong>y cuyos<strong> haberes SUPEREN la suma de $20.374<\/strong>.<\/span><\/p>\n<p><span style=\"color: #000000;\">En este sentido, si bien estas personas no tienen que solicitar turno previo para cobrar el beneficio,\u00a0deben acercarse a la sucursal bancaria \u00fanicamente en la fecha asignada. Cabe recordar que los haberes permanecer\u00e1n depositados en sus cuentas.<\/span><\/p>\n<h4><span style=\"color: #000000;\"><strong>Prestaci\u00f3n por Desempleo<\/strong><\/span><\/h4>\n<p><span style=\"color: #000000;\">Hoy cobran la Prestaci\u00f3n por Desempleo las personas cuyos documentos terminados en <strong>6<\/strong>y <strong>7<\/strong>.<\/span><\/p>\n<h4><span style=\"color: #000000;\"><strong>Programa ATP<\/strong><\/span><\/h4>\n<p><span style=\"color: #000000;\">Hoy se abonan sueldos complementarios del programa de Asistencia de Emergencia al Trabajo y la Producci\u00f3n (ATP) de la AFIP.<\/span><\/p>\n<h4><span style=\"color: #000000;\"><strong>D\u00eda del Trabajador Previsional<\/strong><\/span><\/h4>\n<p><span style=\"color: #000000;\">La ANSES informa que sus delegaciones y oficinas no prestar\u00e1n servicios ni atender\u00e1n al p\u00fablico hoy, <strong>viernes 27 de noviembre<\/strong>, por la celebraci\u00f3n del <em>D\u00eda del Trabajador Previsional Argentino<\/em>.<\/span><\/p>\n<p><span style=\"color: #000000;\">Asimismo, el organismo previsional recuerda que se pueden gestionar consultas y realizar tr\u00e1mites durante las 24 horas, los 365 d\u00edas del a\u00f1o, desde su sitio web <a style=\"color: #000000;\" href=\"http:\/\/www.anses.gob.ar\/\" data-saferedirecturl=\"https:\/\/www.google.com\/url?q=http:\/\/www.anses.gob.ar&amp;source=gmail&amp;ust=1606561580394000&amp;usg=AFQjCNHqZm00V-t8P0aWrNP9LgQjkWFNvA\">www.anses.gob.ar<\/a>.<\/span><\/p>\n<h5><span style=\"color: #000000;\">F.B.<\/span><\/h5>\n","protected":false},"excerpt":{"rendered":"<p>La ANSES, organismo a cargo de Fernanda Raverta, informa que hoy se abonan jubilaciones, pensiones, Prestaci\u00f3n por Desempleo y Programa ATP. &#8230;<\/p>\n","protected":false},"author":8,"featured_media":59886,"comment_status":"open","ping_status":"open","sticky":false,"template":"","format":"standard","meta":{"footnotes":""},"categories":[5,50],"tags":[],"class_list":["post-81346","post","type-post","status-publish","format-standard","has-post-thumbnail","hentry","category-actualidad","category-anses"],"_links":{"self":[{"href":"https:\/\/vinasfm.com\/noticias\/wp-json\/wp\/v2\/posts\/81346","targetHints":{"allow":["GET"]}}],"collection":[{"href":"https:\/\/vinasfm.com\/noticias\/wp-json\/wp\/v2\/posts"}],"about":[{"href":"https:\/\/vinasfm.com\/noticias\/wp-json\/wp\/v2\/types\/post"}],"author":[{"embeddable":true,"href":"https:\/\/vinasfm.com\/noticias\/wp-json\/wp\/v2\/users\/8"}],"replies":[{"embeddable":true,"href":"https:\/\/vinasfm.com\/noticias\/wp-json\/wp\/v2\/comments?post=81346"}],"version-history":[{"count":1,"href":"https:\/\/vinasfm.com\/noticias\/wp-json\/wp\/v2\/posts\/81346\/revisions"}],"predecessor-version":[{"id":81347,"href":"https:\/\/vinasfm.com\/noticias\/wp-json\/wp\/v2\/posts\/81346\/revisions\/81347"}],"wp:featuredmedia":[{"embeddable":true,"href":"https:\/\/vinasfm.com\/noticias\/wp-json\/wp\/v2\/media\/59886"}],"wp:attachment":[{"href":"https:\/\/vinasfm.com\/noticias\/wp-json\/wp\/v2\/media?parent=81346"}],"wp:term":[{"taxonomy":"category","embeddable":true,"href":"https:\/\/vinasfm.com\/noticias\/wp-json\/wp\/v2\/categories?post=81346"},{"taxonomy":"post_tag","embeddable":true,"href":"https:\/\/vinasfm.com\/noticias\/wp-json\/wp\/v2\/tags?post=81346"}],"curies":[{"name":"wp","href":"https:\/\/api.w.org\/{rel}","templated":true}]}}