{"id":81103,"date":"2020-11-24T08:37:26","date_gmt":"2020-11-24T11:37:26","guid":{"rendered":"http:\/\/vinasfm.com\/noticias\/?p=81103"},"modified":"2020-11-25T10:20:01","modified_gmt":"2020-11-25T13:20:01","slug":"molero-se-reunio-con-el-hcd-y-detallo-el-funcionamiento-de-iscamen-y-la-contratacion-de-aviones","status":"publish","type":"post","link":"https:\/\/vinasfm.com\/noticias\/molero-se-reunio-con-el-hcd-y-detallo-el-funcionamiento-de-iscamen-y-la-contratacion-de-aviones\/","title":{"rendered":"MOLERO SE REUNI\u00d3 CON EL HCD Y DETALL\u00d3 EL FUNCIONAMIENTO DE ISCAMEN Y LA CONTRATACI\u00d3N DE AVIONES"},"content":{"rendered":"<h4><span style=\"color: #000000;\"><strong>Concejales de todos los bloques se reunieron con el Presidente de ISCAMEN, Alejandro Molero, con el objetivo de tomar conocimiento sobre el presupuesto, calendario, proyecci\u00f3n y objetivos de Lucha contra la Mosca del Mediterr\u00e1neo (temporada 2020\/2021).<\/strong><\/span><\/h4>\n<div id=\"attachment_81105\" style=\"width: 300px\" class=\"wp-caption alignleft\"><a style=\"color: #000000;\" href=\"http:\/\/vinasfm.com\/noticias\/wp-content\/uploads\/2020\/11\/ARIEL-ANDRES.jpg\"><img loading=\"lazy\" decoding=\"async\" aria-describedby=\"caption-attachment-81105\" class=\"wp-image-81105 size-medium\" src=\"http:\/\/vinasfm.com\/noticias\/wp-content\/uploads\/2020\/11\/ARIEL-ANDRES-300x200.jpg\" alt=\"\" width=\"300\" height=\"200\" srcset=\"https:\/\/vinasfm.com\/noticias\/wp-content\/uploads\/2020\/11\/ARIEL-ANDRES-300x200.jpg 300w, https:\/\/vinasfm.com\/noticias\/wp-content\/uploads\/2020\/11\/ARIEL-ANDRES-1024x683.jpg 1024w, https:\/\/vinasfm.com\/noticias\/wp-content\/uploads\/2020\/11\/ARIEL-ANDRES-768x512.jpg 768w, https:\/\/vinasfm.com\/noticias\/wp-content\/uploads\/2020\/11\/ARIEL-ANDRES-1536x1024.jpg 1536w, https:\/\/vinasfm.com\/noticias\/wp-content\/uploads\/2020\/11\/ARIEL-ANDRES.jpg 2048w\" sizes=\"auto, (max-width: 300px) 100vw, 300px\" \/><\/a><p id=\"caption-attachment-81105\" class=\"wp-caption-text\"><span style=\"color: #000000;\">Ariel Andr\u00e9s, concejal (FDT).<\/span><\/p><\/div>\n<p><span style=\"color: #000000;\"><strong>En dialogo con F.M. Vi\u00f1as el edil Ariel Andr\u00e9s (PJ),<\/strong> reflej\u00f3 la reuni\u00f3n como positiva, \u201c<em>l<\/em><strong><em>e hicimos un par de preguntas sobre la mosca del mediterr\u00e1neo\u201d<\/em>, y sus nuevos sistemas de distribuci\u00f3n.<\/strong><\/span><\/p>\n<p><span style=\"color: #000000;\">Tambi\u00e9n se trat\u00f3 la venta de estos insectos a la regi\u00f3n patag\u00f3nica \u201c<em>donde los vuelos van a salir directamente desde nuestro departamento<\/em>\u201d, para lo cual <strong>es necesaria la construcci\u00f3n de un hangar en el aeropuerto.<\/strong><\/span><\/p>\n<p><span style=\"color: #000000;\"><em>\u201cNos pareci\u00f3 muy bueno porque se va a reacondicionar nuestro aeropuerto, algo que venimos pidiendo desde hace mucho y donde lamentablemente no han llegado a buen puerto las acciones donde el Sr. Intendente hab\u00eda anunciado un aeropuerto de cargas\u201d, <\/em>sostuvo.<\/span><\/p>\n<p><span style=\"color: #000000;\">Otro de los pedidos planteados a Molero fue el de <strong>conocer el presupuesto para el a\u00f1o que viene<\/strong> \u201cc<strong>on un aumento considerable alrededor del 30%<\/strong> que va a tener ISCAMEN para la nueva campa\u00f1a\u201d.<\/span><\/p>\n<p><span style=\"color: #000000;\"><strong>CONTRATACI\u00d3N DE AVIONES<\/strong><\/span><\/p>\n<p><span style=\"color: #000000;\">Uno de los puntos consultados se refiri\u00f3 al funcionamiento de AEMSA, expresa mixta que presta servicio en la lucha antigranizo y algunas otras tareas, en este sentido Andr\u00e9s manifest\u00f3 que \u201c<strong><em>la empresa es privada con aportes del estado\u201d.<\/em><\/strong><\/span><\/p>\n<p><span style=\"color: #000000;\">La consulta giraba en torno a \u201c<strong>\u00bfPor qu\u00e9 si AEMSA era estatal se estaba contratando en forma privada?\u201d,<\/strong> ante esto Molero les respondi\u00f3 que \u201c<em><strong>no alcanzaban, porque la lucha antigranizo y la mosca del mediterr\u00e1neo se dan al mismo tiempo\u201d.<\/strong><\/em><\/span><\/p>\n<p><span style=\"color: #000000;\"><strong>Los aviones de la lucha antigranizo no pueden ser utilizados al mismo tiempo, ya que puede tener que actuar en cualquier hora del d\u00eda y requieren de un equipamiento especial para las bengalas y cartuchos.<\/strong><\/span><\/p>\n<h5><span style=\"color: #000000;\"><em><strong>A.C.<\/strong><\/em><\/span><\/h5>\n","protected":false},"excerpt":{"rendered":"<p>Concejales de todos los bloques se reunieron con el Presidente de ISCAMEN, Alejandro Molero, con el objetivo de tomar conocimiento sobre &#8230;<\/p>\n","protected":false},"author":7,"featured_media":81106,"comment_status":"open","ping_status":"open","sticky":false,"template":"","format":"standard","meta":{"footnotes":""},"categories":[5,35],"tags":[],"class_list":["post-81103","post","type-post","status-publish","format-standard","has-post-thumbnail","hentry","category-actualidad","category-iscamen"],"_links":{"self":[{"href":"https:\/\/vinasfm.com\/noticias\/wp-json\/wp\/v2\/posts\/81103","targetHints":{"allow":["GET"]}}],"collection":[{"href":"https:\/\/vinasfm.com\/noticias\/wp-json\/wp\/v2\/posts"}],"about":[{"href":"https:\/\/vinasfm.com\/noticias\/wp-json\/wp\/v2\/types\/post"}],"author":[{"embeddable":true,"href":"https:\/\/vinasfm.com\/noticias\/wp-json\/wp\/v2\/users\/7"}],"replies":[{"embeddable":true,"href":"https:\/\/vinasfm.com\/noticias\/wp-json\/wp\/v2\/comments?post=81103"}],"version-history":[{"count":4,"href":"https:\/\/vinasfm.com\/noticias\/wp-json\/wp\/v2\/posts\/81103\/revisions"}],"predecessor-version":[{"id":81202,"href":"https:\/\/vinasfm.com\/noticias\/wp-json\/wp\/v2\/posts\/81103\/revisions\/81202"}],"wp:featuredmedia":[{"embeddable":true,"href":"https:\/\/vinasfm.com\/noticias\/wp-json\/wp\/v2\/media\/81106"}],"wp:attachment":[{"href":"https:\/\/vinasfm.com\/noticias\/wp-json\/wp\/v2\/media?parent=81103"}],"wp:term":[{"taxonomy":"category","embeddable":true,"href":"https:\/\/vinasfm.com\/noticias\/wp-json\/wp\/v2\/categories?post=81103"},{"taxonomy":"post_tag","embeddable":true,"href":"https:\/\/vinasfm.com\/noticias\/wp-json\/wp\/v2\/tags?post=81103"}],"curies":[{"name":"wp","href":"https:\/\/api.w.org\/{rel}","templated":true}]}}