{"id":81073,"date":"2020-11-24T08:05:47","date_gmt":"2020-11-24T11:05:47","guid":{"rendered":"http:\/\/vinasfm.com\/noticias\/?p=81073"},"modified":"2020-11-25T10:17:47","modified_gmt":"2020-11-25T13:17:47","slug":"la-unica-politica-de-estado-de-la-pampa-repudiar-y-perjudicar-las-actividades-de-mendoza","status":"publish","type":"post","link":"https:\/\/vinasfm.com\/noticias\/la-unica-politica-de-estado-de-la-pampa-repudiar-y-perjudicar-las-actividades-de-mendoza\/","title":{"rendered":"LA \u00daNICA POLITICA DE ESTADO DE LA PAMPA: REPUDIAR Y PERJUDICAR LAS ACTIVIDADES DE MENDOZA"},"content":{"rendered":"<h4><span style=\"color: #000000;\"><strong>No resulta novedoso que el gobierno pampeano despotrique porque s\u00ed contra cualquier propuesta de los mendocinos, con una ac\u00e9rrima intenci\u00f3n de asumir el rol de ente contralor de cualquier actividad que nuestra provincia desarrolle dentro de nuestro territorio. Por en\u00e9sima vez uno de sus medios afines reflej\u00f3 la que parece ser la \u00fanica pol\u00edtica de estado de La Pampa.<\/strong><\/span><\/h4>\n<p><span style=\"color: #000000;\">Con <strong>Ziliotto<\/strong> a la cabeza, <strong>respondiendo al ex gobernador Verna<\/strong>, <strong>el gabinete pampeano motoriza a trav\u00e9s de sus medios de comunicaci\u00f3n afines el innecesario recelo para con Mendoza y las ideas de crecimiento que han caracterizado a la sociedad en su conjunto<\/strong>. Si, e<strong>l gobierno de La Pampa parece<\/strong>, a trav\u00e9s de sus acciones, <strong>que la \u00fanica pol\u00edtica de estado firme que visibilizan es agredir a Mendoza<\/strong>.<\/span><\/p>\n<p><span style=\"color: #000000;\">En los \u00faltimos a\u00f1os, <strong>La Pampa ha llevado a cabo una fuerte ofensiva contra Mendoza aplicando pol\u00edticas maquiavelistas de internalizar determinado tema como factor unificador con el fin construir y promover un enemigo com\u00fan y ajeno ante la inacci\u00f3n de su gobierno en detrimento de los mismos pampeanos<\/strong>.\u00a0<\/span><\/p>\n<p><span style=\"color: #000000;\">Un articulo publicado este martes por el <strong>Diario La Arena (LP)<\/strong><strong>\u00a0<\/strong>hace eco del &#8216;<em>resentimiento<\/em>&#8216; que promueve el arco pol\u00edtico pampeano. Funcionando como alfil de la agresi\u00f3n sistem\u00e1tica, ese portal informativo, <strong>est\u00e1 al frente de difundir cualquier capricho obtuso de los mandatarios de esa provincia<\/strong>, ignorando los fuertes lazos que conectan a los mendocinos con los pampeanos. Con sus agresiones pretender\u00e1n que los mendocinos respondamos de la misma forma para justificar sus actitudes, pero en los mendocinos siempre encontrar\u00e1n una apertura al di\u00e1logo y consensos.\u00a0\u00a0<\/span><\/p>\n<p><span style=\"color: #000000;\">Existe una larga lista de planteos sin fundamentos que han llevado incluso ante organismos nacionales <strong>con el fin de perjudicar los avances de Mendoza<\/strong>, <strong>no de generar pol\u00edticas que tiendan a mejorar la vida de sus coterr\u00e1neos<\/strong>.\u00a0<\/span><\/p>\n<p><span style=\"color: #000000;\">Ahora, el citado diario pampeano public\u00f3 &#8216;<strong>Repudian Invasi\u00f3n Mendocina<\/strong>&#8216;, un articulo que<strong> refleja el descontento de la Asamblea por los R\u00edos Pampeanos producto de la colocaci\u00f3n de una gigantograf\u00eda publicitaria en una valla de una estaci\u00f3n de servicio abandonada que promocionan la riqueza paisaj\u00edstica de Mendoza con el fin de atraer turistas de La Pampa<\/strong>.<\/span><\/p>\n<p><span style=\"color: #000000;\">Dedicando largas l\u00edneas de desprestigio, como es su costumbre, se\u00f1alan que esto, que forma parte de las estrategias del sector tur\u00edstico mendocino, tiene un mensaje subliminal en la imagen que muestra la vertiente de un r\u00edo mendocino. Salieron a repudiar que es &#8216;<em><strong>una invasi\u00f3n mendocina con im\u00e1genes agraviantes al pueblo pampeano<\/strong>. <strong>La Asamblea rechaza la colocaci\u00f3n de enormes carteles publicitarios en nuestra provincia presumiendo recursos h\u00eddricos y ambientales<\/strong> genuinos cuando en realidad son bienes naturales comunes, pertenecientes a los pueblos y las provincias cond\u00f3minas<\/em>&#8216;, sostuvieron.<\/span><\/p>\n<p><span style=\"color: #000000;\">Y en la misma l\u00ednea agregan: &#8216;<em>Nos parece bien la sugerencia que hace el cartel de \u2018lavarse las manos\u2019 para combatir el Covid-19 si no fuera que <strong>Mendoza se lava las manos para devolvernos los r\u00edos robados como el Atuel, el Salado y el ultimo intento con el Colorado<\/strong>. <strong>Que nobleza mostrar\u00edan los dominantes mendocinos si el oeste \u00e1rido pampeano pudiera mostrar la misma foto disfrutando el agua como lo hacen ellos<\/strong><\/em>&#8216;.<\/span><\/p>\n<p><span style=\"color: #000000;\"><strong>La Arena<\/strong> agreg\u00f3 al comunicado que la campa\u00f1a publicitaria en Santa Rosa resulta\u00a0 &#8216;<strong><em>cuanto menos agraviante para una provincia (La Pampa) que desde hace d\u00e9cadas reclama por el R\u00edo Atuel gracias a las represas que construy\u00f3 Mendoza<\/em><\/strong>&#8216;.<\/span><\/p>\n<p><span style=\"color: #000000;\"><strong>Adem\u00e1s de acusarnos de robarles los r\u00edos Atuel, Salado y Colorado, nos culpan de la falta de inversiones de su gobierno en materia h\u00eddrica y la desolaci\u00f3n que caracteriza al oeste pampeano<\/strong>, donde ni siquiera los tienen en cuenta para generar una sola obra. De hecho, en sus campa\u00f1as pol\u00edticas, <strong>los ejes de sus propuestas son reclamarle a Mendoza por lo que ellos no han hecho<\/strong>. Al momento, no se le ha ocurrido a Ziliotto seguir r\u00edo arriba porque sino tambi\u00e9n va a querer apropiarse de la Cordillera de Los Andes.<\/span><\/p>\n<p><span style=\"color: #000000;\">Con infantiles acusaciones y adjetivaciones <strong>nos tildan de dominantes, caudillistas y hasta de ladrones<\/strong>. A tal punto llega el conductismo que <strong>en las aulas pampeanas nos vinculan a esas definiciones promoviendo el odio para con una provincia vecina<\/strong>.<\/span><\/p>\n<p><span style=\"color: #000000;\">Bajo la siniestra practica propagand\u00edstica goebbeliana efectivizan el &#8216;<strong><em>miente, miente, algo quedar\u00e1<\/em><\/strong>&#8216; <strong>ignorando los m\u00faltiples intentos del ejecutivo mendocino de llegar a consensos que nos beneficien a ambos<\/strong>. Pero, Verna &amp; C\u00eda. solo quieren resarcimientos econ\u00f3micos y ante cualquier propuesta de nuestra provincia para dirimir las diferencias, que ellos inculcan, responden caprichosamente con el recurrido <strong>NO ROTUNDO<\/strong>.<\/span><\/p>\n<h5><span style=\"color: #000000;\">\u2022F.B. (F.M. Vi\u00f1as).<\/span><\/h5>\n","protected":false},"excerpt":{"rendered":"<p>No resulta novedoso que el gobierno pampeano despotrique porque s\u00ed contra cualquier propuesta de los mendocinos, con una ac\u00e9rrima intenci\u00f3n de &#8230;<\/p>\n","protected":false},"author":8,"featured_media":81076,"comment_status":"open","ping_status":"open","sticky":false,"template":"","format":"standard","meta":{"footnotes":""},"categories":[5,54,42],"tags":[],"class_list":["post-81073","post","type-post","status-publish","format-standard","has-post-thumbnail","hentry","category-actualidad","category-conflicto-con-la-pampa","category-opinion"],"_links":{"self":[{"href":"https:\/\/vinasfm.com\/noticias\/wp-json\/wp\/v2\/posts\/81073","targetHints":{"allow":["GET"]}}],"collection":[{"href":"https:\/\/vinasfm.com\/noticias\/wp-json\/wp\/v2\/posts"}],"about":[{"href":"https:\/\/vinasfm.com\/noticias\/wp-json\/wp\/v2\/types\/post"}],"author":[{"embeddable":true,"href":"https:\/\/vinasfm.com\/noticias\/wp-json\/wp\/v2\/users\/8"}],"replies":[{"embeddable":true,"href":"https:\/\/vinasfm.com\/noticias\/wp-json\/wp\/v2\/comments?post=81073"}],"version-history":[{"count":7,"href":"https:\/\/vinasfm.com\/noticias\/wp-json\/wp\/v2\/posts\/81073\/revisions"}],"predecessor-version":[{"id":81126,"href":"https:\/\/vinasfm.com\/noticias\/wp-json\/wp\/v2\/posts\/81073\/revisions\/81126"}],"wp:featuredmedia":[{"embeddable":true,"href":"https:\/\/vinasfm.com\/noticias\/wp-json\/wp\/v2\/media\/81076"}],"wp:attachment":[{"href":"https:\/\/vinasfm.com\/noticias\/wp-json\/wp\/v2\/media?parent=81073"}],"wp:term":[{"taxonomy":"category","embeddable":true,"href":"https:\/\/vinasfm.com\/noticias\/wp-json\/wp\/v2\/categories?post=81073"},{"taxonomy":"post_tag","embeddable":true,"href":"https:\/\/vinasfm.com\/noticias\/wp-json\/wp\/v2\/tags?post=81073"}],"curies":[{"name":"wp","href":"https:\/\/api.w.org\/{rel}","templated":true}]}}