{"id":80934,"date":"2020-11-20T08:05:37","date_gmt":"2020-11-20T11:05:37","guid":{"rendered":"http:\/\/vinasfm.com\/noticias\/?p=80934"},"modified":"2020-11-21T10:57:34","modified_gmt":"2020-11-21T13:57:34","slug":"en-la-pampa-se-oponen-tambien-a-potasio-rio-colorado","status":"publish","type":"post","link":"https:\/\/vinasfm.com\/noticias\/en-la-pampa-se-oponen-tambien-a-potasio-rio-colorado\/","title":{"rendered":"EN LA PAMPA SE OPONEN TAMBI\u00c9N A POTASIO R\u00cdO COLORADO"},"content":{"rendered":"<h4><span style=\"color: #000000;\"><strong>\u201cEs un proyecto minero plagado de imprecisiones que puede condicionar a futuro la calidad de nuestro r\u00edo Colorado porque hasta el momento ning\u00fan estudio descart\u00f3 su posible contaminaci\u00f3n\u201d, afirm\u00f3 el diputado Mart\u00edn Berhongaray (Frepam) sobre Potasio R\u00edo Colorado. Las declaraciones fueron hechas al diario\u00a0<a style=\"color: #000000;\" href=\"http:\/\/www.laarena.com.ar\/la_ciudad-hay-que-ponerle-freno-a-potasio-1113894-115.html\">La Arena<\/a>.<\/strong><\/span><\/h4>\n<p><span style=\"color: #000000;\">Seg\u00fan el diputado radical los cambios del proyecto minero\u00a0malarg\u00fcino \u201caumentan\u201d el riesgo de contaminaci\u00f3n del r\u00edo Colorado y pidi\u00f3 nuevos estudios ambientales. El legislador pidi\u00f3 la intervenci\u00f3n del Comit\u00e9 Interjurisdiccional del R\u00edo Colorado y critic\u00f3 a las autoridades mendocinas que pretenden ahora reactivar el emprendimiento minero con cambios en el nivel de producci\u00f3n para buscar inversores, advirtiendo que la provincia vecina \u201cno puede seguir avanzando en forma unilateral\u201d.<\/span><\/p>\n<p><span style=\"color: #000000;\">\u201cLa poca seriedad con la que viene avanzando Mendoza merece plantear la discusi\u00f3n en el seno de Coirco y tambi\u00e9n en el Ministerio de Ambiente de Naci\u00f3n. Es inaceptable que permanentemente se est\u00e9n anunciando cambios en las caracter\u00edsticas y condiciones de explotaci\u00f3n, y que nuestras autoridades no reaccionen\u201d, agreg\u00f3 en la entrevista al portal digital La Arena.<\/span><\/p>\n<p><span style=\"color: #000000;\">\u201cEl proyecto original preve\u00eda una producci\u00f3n m\u00e1xima de 2,4 millones de toneladas de cloruro de potasio. Despu\u00e9s se lleg\u00f3 a hablar de 4,3 millones de toneladas. Inicialmente la vida \u00fatil del yacimiento iba a ser de 40 a\u00f1os, ahora ya se dice que podr\u00eda extenderse hasta 60 a\u00f1os\u201d, dijo Berhongaray.<\/span><\/p>\n<p><span style=\"color: #000000;\">Adem\u00e1s agreg\u00f3 que \u201ca pesar de que estos cambios aumentan el riesgo de contaminaci\u00f3n, no se realiza nuevamente ning\u00fan estudio de impacto ambiental que se ajuste a los nuevos escenarios\u201d, por lo que exigi\u00f3 al gobierno de La Pampa que \u201creaccione con mayor compromiso\u201d.<\/span><\/p>\n<p><span style=\"color: #000000;\">Por ejemplo, se\u00f1al\u00f3, \u201cya deber\u00edamos tener terminados todos los estudios para determinar la situaci\u00f3n socio-ambiental y el potencial impacto del tendido ferroviario en su recorrido por nuestra provincia, fundamentalmente en \u00e1reas y zonas urbanas\u201d.<\/span><\/p>\n<p><span style=\"color: #000000;\">El proyecto ejecutivo de la minera prev\u00e9 cuatro formaciones de trenes, en operaci\u00f3n durante 24 horas al d\u00eda, todo el a\u00f1o, con destino final en el puerto de Bah\u00eda Blanca. Adem\u00e1s, advirti\u00f3 Berhongaray, \u201cVale no tiene planes de Gesti\u00f3n Ambiental ni de Contingencias para las localidades pampeanas involucradas en el recorrido\u201d.<\/span><\/p>\n<p><span style=\"color: #000000;\">\u201cAdem\u00e1s del riesgo para el r\u00edo Colorado, el cloruro de potasio puede ser una sustancia contaminante si no se toman las medidas de seguridad en su transporte\u201d, a\u00f1adi\u00f3 el diputado, quien record\u00f3 que la Defensor\u00eda del Pueblo de la Naci\u00f3n recomend\u00f3 en 2010 que se hagan los estudios de impacto ambiental en forma integral, acumulativa e interjurisdiccional.<\/span><\/p>\n<p><span style=\"color: #000000;\"><strong>Fuente: Malarg\u00fce Diario. <\/strong><\/span><\/p>\n","protected":false},"excerpt":{"rendered":"<p>\u201cEs un proyecto minero plagado de imprecisiones que puede condicionar a futuro la calidad de nuestro r\u00edo Colorado porque hasta el &#8230;<\/p>\n","protected":false},"author":7,"featured_media":80852,"comment_status":"open","ping_status":"open","sticky":false,"template":"","format":"standard","meta":{"footnotes":""},"categories":[5,48],"tags":[],"class_list":["post-80934","post","type-post","status-publish","format-standard","has-post-thumbnail","hentry","category-actualidad","category-mineria"],"_links":{"self":[{"href":"https:\/\/vinasfm.com\/noticias\/wp-json\/wp\/v2\/posts\/80934","targetHints":{"allow":["GET"]}}],"collection":[{"href":"https:\/\/vinasfm.com\/noticias\/wp-json\/wp\/v2\/posts"}],"about":[{"href":"https:\/\/vinasfm.com\/noticias\/wp-json\/wp\/v2\/types\/post"}],"author":[{"embeddable":true,"href":"https:\/\/vinasfm.com\/noticias\/wp-json\/wp\/v2\/users\/7"}],"replies":[{"embeddable":true,"href":"https:\/\/vinasfm.com\/noticias\/wp-json\/wp\/v2\/comments?post=80934"}],"version-history":[{"count":2,"href":"https:\/\/vinasfm.com\/noticias\/wp-json\/wp\/v2\/posts\/80934\/revisions"}],"predecessor-version":[{"id":80957,"href":"https:\/\/vinasfm.com\/noticias\/wp-json\/wp\/v2\/posts\/80934\/revisions\/80957"}],"wp:featuredmedia":[{"embeddable":true,"href":"https:\/\/vinasfm.com\/noticias\/wp-json\/wp\/v2\/media\/80852"}],"wp:attachment":[{"href":"https:\/\/vinasfm.com\/noticias\/wp-json\/wp\/v2\/media?parent=80934"}],"wp:term":[{"taxonomy":"category","embeddable":true,"href":"https:\/\/vinasfm.com\/noticias\/wp-json\/wp\/v2\/categories?post=80934"},{"taxonomy":"post_tag","embeddable":true,"href":"https:\/\/vinasfm.com\/noticias\/wp-json\/wp\/v2\/tags?post=80934"}],"curies":[{"name":"wp","href":"https:\/\/api.w.org\/{rel}","templated":true}]}}