{"id":80891,"date":"2020-11-20T09:00:00","date_gmt":"2020-11-20T12:00:00","guid":{"rendered":"http:\/\/vinasfm.com\/noticias\/?p=80891"},"modified":"2020-11-20T10:29:22","modified_gmt":"2020-11-20T13:29:22","slug":"comienzan-las-inscripciones-para-el-ingreso-a-primer-grado-2021","status":"publish","type":"post","link":"https:\/\/vinasfm.com\/noticias\/comienzan-las-inscripciones-para-el-ingreso-a-primer-grado-2021\/","title":{"rendered":"COMIENZAN LAS INSCRIPCIONES PARA EL INGRESO A PRIMER GRADO 2021"},"content":{"rendered":"<h4><span style=\"color: #000000;\"><strong>La Direcci\u00f3n General de Escuelas comunica que, a trav\u00e9s de la Circular N\u00b0 2, se da inicio a los procesos de inscripci\u00f3n destinados a ni\u00f1os y ni\u00f1as que ingresan a primer grado para el ciclo lectivo 2021.<\/strong><\/span><\/h4>\n<p><span style=\"color: #000000;\">Las <strong>escuelas de Nivel Inicial<\/strong> deber\u00e1n realizar acciones previas que consiste en realizar el <strong>relevamiento de informaci\u00f3n hasta el d\u00eda 24 de noviembre<\/strong>. <strong>Deber\u00e1n<\/strong> <strong>completar las planillas de las diferentes instancias para elevar la n\u00f3mina de los alumnos y alumnas a las escuelas primarias<\/strong>.<\/span><\/p>\n<p><span style=\"color: #000000;\">Desde la <strong>Direcci\u00f3n de Nivel Primario<\/strong> explicaron que las escuelas de Nivel Inicial deben asegurarse que todos los ni\u00f1os y ni\u00f1as fueron derivados a una escuela primaria en las diferentes instancias.<\/span><\/p>\n<h4><span style=\"color: #000000;\"><strong>Fechas de las instancias de inscripci\u00f3n<\/strong><\/span><\/h4>\n<p><span style=\"color: #000000;\"><strong>Primera instancia: 25 de noviembre<\/strong><\/span><\/p>\n<p><span style=\"color: #000000;\">-Corresponde la inscripci\u00f3n de ni\u00f1os y ni\u00f1as con discapacidad.<\/span><\/p>\n<p><span style=\"color: #000000;\"><strong>Segunda instancia: 26 de noviembre y 27 de noviembre<\/strong><\/span><\/p>\n<p><span style=\"color: #000000;\">-Corresponde a hermanos de alumnos, hijos del personal docente y no docente que concurren a la escuela o con la que articulan y alumnos de JIA, JIN y JIE.<\/span><\/p>\n<p><span style=\"color: #000000;\"><strong>Tercera instancia: 30 de noviembre<\/strong><\/span><\/p>\n<p><span style=\"color: #000000;\">-Corresponde a los nuevos aspirantes.<\/span><\/p>\n<p><span style=\"color: #000000;\"><strong>Cuarta instancia: 1 al 7 de diciembre de diciembre<\/strong><\/span><\/p>\n<p><span style=\"color: #000000;\">-Corresponde realizar las derivaciones de los excedentes en las inscripciones.<\/span><\/p>\n<p><span style=\"color: #000000;\">Es muy importante saber que <strong>no se debe presentar documentaci\u00f3n en formato papel para la inscripci\u00f3n<\/strong>. Cada escuela primaria <strong>cargar\u00e1 los datos de los estudiantes a trav\u00e9s del sistema GEM<\/strong>. S\u00f3lo se solicitar\u00e1 documentaci\u00f3n en formato papel para aquellos alumnos y alumnas que no est\u00e9n registrados en el sistema.<\/span><\/p>\n<p><span style=\"color: #000000;\">En el caso de que el ni\u00f1o o ni\u00f1a no tenga documentaci\u00f3n, igualmente deber\u00e1 ser inscripto dejando constancia en acta.<\/span><\/p>\n<p><span style=\"color: #000000;\">Tambi\u00e9n se informa a todos los padres, madres y adultos responsables que es importante que tengan en cuenta para la inscripci\u00f3n a primer grado la cercan\u00eda de las escuelas a sus domicilios para garantizar la menor movilidad dentro del marco de la emergencia sanitaria.<\/span><\/p>\n<h5><span style=\"color: #000000;\">\u2022Fernando Burett (F.M. Vi\u00f1as).<\/span><\/h5>\n","protected":false},"excerpt":{"rendered":"<p>La Direcci\u00f3n General de Escuelas comunica que, a trav\u00e9s de la Circular N\u00b0 2, se da inicio a los procesos de &#8230;<\/p>\n","protected":false},"author":8,"featured_media":80892,"comment_status":"open","ping_status":"open","sticky":false,"template":"","format":"standard","meta":{"footnotes":""},"categories":[5,18],"tags":[],"class_list":["post-80891","post","type-post","status-publish","format-standard","has-post-thumbnail","hentry","category-actualidad","category-educacion"],"_links":{"self":[{"href":"https:\/\/vinasfm.com\/noticias\/wp-json\/wp\/v2\/posts\/80891","targetHints":{"allow":["GET"]}}],"collection":[{"href":"https:\/\/vinasfm.com\/noticias\/wp-json\/wp\/v2\/posts"}],"about":[{"href":"https:\/\/vinasfm.com\/noticias\/wp-json\/wp\/v2\/types\/post"}],"author":[{"embeddable":true,"href":"https:\/\/vinasfm.com\/noticias\/wp-json\/wp\/v2\/users\/8"}],"replies":[{"embeddable":true,"href":"https:\/\/vinasfm.com\/noticias\/wp-json\/wp\/v2\/comments?post=80891"}],"version-history":[{"count":3,"href":"https:\/\/vinasfm.com\/noticias\/wp-json\/wp\/v2\/posts\/80891\/revisions"}],"predecessor-version":[{"id":80896,"href":"https:\/\/vinasfm.com\/noticias\/wp-json\/wp\/v2\/posts\/80891\/revisions\/80896"}],"wp:featuredmedia":[{"embeddable":true,"href":"https:\/\/vinasfm.com\/noticias\/wp-json\/wp\/v2\/media\/80892"}],"wp:attachment":[{"href":"https:\/\/vinasfm.com\/noticias\/wp-json\/wp\/v2\/media?parent=80891"}],"wp:term":[{"taxonomy":"category","embeddable":true,"href":"https:\/\/vinasfm.com\/noticias\/wp-json\/wp\/v2\/categories?post=80891"},{"taxonomy":"post_tag","embeddable":true,"href":"https:\/\/vinasfm.com\/noticias\/wp-json\/wp\/v2\/tags?post=80891"}],"curies":[{"name":"wp","href":"https:\/\/api.w.org\/{rel}","templated":true}]}}