{"id":80868,"date":"2020-11-20T09:50:45","date_gmt":"2020-11-20T12:50:45","guid":{"rendered":"http:\/\/vinasfm.com\/noticias\/?p=80868"},"modified":"2020-11-20T20:13:46","modified_gmt":"2020-11-20T23:13:46","slug":"alumnos-del-ultimo-ano-de-la-escuela-enore-de-monte-retomaron-sus-actividades-en-el-taller","status":"publish","type":"post","link":"https:\/\/vinasfm.com\/noticias\/alumnos-del-ultimo-ano-de-la-escuela-enore-de-monte-retomaron-sus-actividades-en-el-taller\/","title":{"rendered":"ALUMNOS DEL \u00daLTIMO A\u00d1O DE LA ESCUELA &#8216;ENORE DE MONTE&#8217; RETOMARON SUS ACTIVIDADES EN EL TALLER"},"content":{"rendered":"<h4><span style=\"color: #000000;\"><strong>Los alumnos de 6to a\u00f1o de la escuela T\u00e9cnica \u201c\u00c9nore de Monte\u201d de Bowen retomaron sus actividades en el taller, luego de pr\u00e1cticamente un ciclo sin clases presenciales.<\/strong><\/span><\/h4>\n<p><span style=\"color: #000000;\">En dialogo con <strong>F.M. VI\u00d1AS<\/strong>\u00a0el Director del establecimiento, <strong>profesor Walter Garc\u00eda<\/strong> se\u00f1al\u00f3 que <strong>la decisi\u00f3n se tom\u00f3 con los alumnos del \u00faltimo a\u00f1o para que puedan realizar sus pr\u00e1cticas profesionalizantes y recibirse en tiempo y forma.<\/strong><\/span><\/p>\n<blockquote><p><span style=\"color: #000000;\"><em>\u201cLa virtualidad no puede reemplazar lo que da la pr\u00e1ctica\u201d<\/em> sostuvo el docente.<\/span><\/p><\/blockquote>\n<p><span style=\"color: #000000;\">La modalidad utilizada es la de \u201cburbujas\u201d, \u201c<strong>tenemos 3 burbujas, una asiste los d\u00edas lunes, otra los d\u00edas mi\u00e9rcoles y otra los viernes\u201d.<\/strong> Cada una est\u00e1 compuesta por 6 alumnos, 2 maestros de taller, 2 celadores y un directivo.<\/span><\/p>\n<p><span style=\"color: #000000;\">En el ingreso, \u201c<strong>a cada uno de nosotros, se le toma la temperatura corporal y se llena una planilla de declaraci\u00f3n jurada\u201d. Dentro del taller todos permanecen con barbijo, respetando la distancia en la medida de lo posible e higieniz\u00e1ndose.<\/strong><\/span><\/p>\n<p><span style=\"color: #000000;\">Pese a que en esta oportunidad las pr\u00e1cticas son voluntarias, todos los alumnos y familias dieron el consentimiento <em>\u201cporque se dieron cuenta de que es lo que estamos necesitando. <strong>Los mismos chicos lo estaban pidiendo<\/strong>\u201d<\/em>, expres\u00f3 Garc\u00eda.<\/span><\/p>\n<h5><span style=\"color: #000000;\"><strong><em>A.C.<\/em><\/strong><\/span><\/h5>\n","protected":false},"excerpt":{"rendered":"<p>Los alumnos de 6to a\u00f1o de la escuela T\u00e9cnica \u201c\u00c9nore de Monte\u201d de Bowen retomaron sus actividades en el taller, luego &#8230;<\/p>\n","protected":false},"author":7,"featured_media":80870,"comment_status":"open","ping_status":"open","sticky":false,"template":"","format":"standard","meta":{"footnotes":""},"categories":[5,18],"tags":[],"class_list":["post-80868","post","type-post","status-publish","format-standard","has-post-thumbnail","hentry","category-actualidad","category-educacion"],"_links":{"self":[{"href":"https:\/\/vinasfm.com\/noticias\/wp-json\/wp\/v2\/posts\/80868","targetHints":{"allow":["GET"]}}],"collection":[{"href":"https:\/\/vinasfm.com\/noticias\/wp-json\/wp\/v2\/posts"}],"about":[{"href":"https:\/\/vinasfm.com\/noticias\/wp-json\/wp\/v2\/types\/post"}],"author":[{"embeddable":true,"href":"https:\/\/vinasfm.com\/noticias\/wp-json\/wp\/v2\/users\/7"}],"replies":[{"embeddable":true,"href":"https:\/\/vinasfm.com\/noticias\/wp-json\/wp\/v2\/comments?post=80868"}],"version-history":[{"count":3,"href":"https:\/\/vinasfm.com\/noticias\/wp-json\/wp\/v2\/posts\/80868\/revisions"}],"predecessor-version":[{"id":80875,"href":"https:\/\/vinasfm.com\/noticias\/wp-json\/wp\/v2\/posts\/80868\/revisions\/80875"}],"wp:featuredmedia":[{"embeddable":true,"href":"https:\/\/vinasfm.com\/noticias\/wp-json\/wp\/v2\/media\/80870"}],"wp:attachment":[{"href":"https:\/\/vinasfm.com\/noticias\/wp-json\/wp\/v2\/media?parent=80868"}],"wp:term":[{"taxonomy":"category","embeddable":true,"href":"https:\/\/vinasfm.com\/noticias\/wp-json\/wp\/v2\/categories?post=80868"},{"taxonomy":"post_tag","embeddable":true,"href":"https:\/\/vinasfm.com\/noticias\/wp-json\/wp\/v2\/tags?post=80868"}],"curies":[{"name":"wp","href":"https:\/\/api.w.org\/{rel}","templated":true}]}}