{"id":80820,"date":"2020-11-19T10:05:13","date_gmt":"2020-11-19T13:05:13","guid":{"rendered":"http:\/\/vinasfm.com\/noticias\/?p=80820"},"modified":"2020-11-19T23:44:21","modified_gmt":"2020-11-20T02:44:21","slug":"oficializaron-el-5-de-aumento-jubilatorio-y-el-haber-minimo-asciende-a-19-035","status":"publish","type":"post","link":"https:\/\/vinasfm.com\/noticias\/oficializaron-el-5-de-aumento-jubilatorio-y-el-haber-minimo-asciende-a-19-035\/","title":{"rendered":"OFICIALIZARON EL 5% DE AUMENTO JUBILATORIO Y EL HABER M\u00cdNIMO ASCIENDE A $19.035"},"content":{"rendered":"<h4 style=\"font-weight: 400;\"><span style=\"color: #000000;\"><strong>El aumento a las jubilaciones, pensiones y asignaciones ser\u00e1 del 5%. As\u00ed la jubilaci\u00f3n m\u00ednima en el pa\u00eds asciende a 19.035 pesos. El aumento establecido por decreto representa un presupuesto de 17.500 millones de pesos. <\/strong><\/span><\/h4>\n<p style=\"font-weight: 400;\"><span style=\"color: #000000;\">De esta manera, <strong>el haber m\u00ednimo habr\u00e1 tenido un incremento del 35,3% en el a\u00f1o<\/strong>. Tambi\u00e9n <strong>significa que le ganar\u00e1n a la inflaci\u00f3n<\/strong> m\u00e1s del 75% de los beneficios previsionales y m\u00e1s del 70% de los jubilados, jubiladas, pensionados y pensionadas.<\/span><\/p>\n<p style=\"font-weight: 400;\"><span style=\"color: #000000;\">El anuncio fue realizado por el jefe de Gabinete de Ministros,\u00a0<strong>Santiago Cafiero<\/strong>, y la directora ejecutiva de la ANSES,\u00a0<strong>Fernanda Raverta<\/strong>, en la Casa de Gobierno.\u00a0<strong>Cafiero\u00a0<\/strong>afirm\u00f3:\u00a0<em>\u201cEstamos recomponiendo las p\u00e9rdidas que se arrastraban desde 2018. P\u00e9rdidas de hasta el 19% con el gobierno anterior\u201d<\/em>. <\/span><\/p>\n<p style=\"font-weight: 400;\"><span style=\"color: #000000;\">A su vez,\u00a0<strong>Fernanda Raverta\u00a0<\/strong>agreg\u00f3:\u00a0<em>\u201cEstamos ac\u00e1 para contarles una buena noticia: el aumento por decreto de los haberes por parte del presidente Alberto Fern\u00e1ndez porque queremos proteger y cuidar a los jubilados y las jubiladas. Recuperar de una vez y para siempre la capacidad de compra de nuestros abuelos y abuelas\u00bb.<\/em><\/span><\/p>\n<p style=\"font-weight: 400;\"><span style=\"color: #000000;\">El incremento <strong>beneficiar\u00e1 a m\u00e1s de 7,1 millones de adultos mayores<\/strong>, a <strong>8,8 millones de ni\u00f1os, ni\u00f1as y adolescentes<\/strong> y a <strong>m\u00e1s de 800 mil c\u00f3nyuges que perciben asignaciones<\/strong>.<\/span><\/p>\n<p style=\"font-weight: 400;\"><span style=\"color: #000000;\">Este aumento se suma a otras medidas que tambi\u00e9n sirvieron para mejorar la calidad de vida de la poblaci\u00f3n como el congelamiento de las tarifas de servicios p\u00fablicos, la suspensi\u00f3n transitoria del cobro y la condonaci\u00f3n de los intereses de los cr\u00e9ditos ANSES, los m\u00e1s de 170 remedios gratuitos a trav\u00e9s del PAMI mediante la implementaci\u00f3n del nuevo vadem\u00e9cum y los bonos oportunamente otorgados a beneficiarios de los haberes m\u00e1s bajos y a la AUH y a la AUE.<\/span><\/p>\n<p style=\"font-weight: 400;\"><span style=\"color: #000000;\">De esta manera, <strong>el 87% de los beneficiarios del sistema de seguridad social mejorar\u00e1 su poder adquisitivo<\/strong>. Un gran logro tras el esfuerzo que hizo el Estado Nacional para cubrir las nuevas necesidades sociales que surgieron por la pandemia y que requirieron de acciones concretas como el <strong>Ingreso Familiar de Emergencia<\/strong> (IFE) y el programa de <strong>Asistencia al Trabajo y la Producci\u00f3n<\/strong> (ATP).<\/span><\/p>\n<h5><span style=\"color: #000000;\">\u2022F.B. (F.M. Vi\u00f1as).<\/span><\/h5>\n","protected":false},"excerpt":{"rendered":"<p>El aumento a las jubilaciones, pensiones y asignaciones ser\u00e1 del 5%. As\u00ed la jubilaci\u00f3n m\u00ednima en el pa\u00eds asciende a 19.035 &#8230;<\/p>\n","protected":false},"author":8,"featured_media":80822,"comment_status":"open","ping_status":"open","sticky":false,"template":"","format":"standard","meta":{"footnotes":""},"categories":[5,50],"tags":[],"class_list":["post-80820","post","type-post","status-publish","format-standard","has-post-thumbnail","hentry","category-actualidad","category-anses"],"_links":{"self":[{"href":"https:\/\/vinasfm.com\/noticias\/wp-json\/wp\/v2\/posts\/80820","targetHints":{"allow":["GET"]}}],"collection":[{"href":"https:\/\/vinasfm.com\/noticias\/wp-json\/wp\/v2\/posts"}],"about":[{"href":"https:\/\/vinasfm.com\/noticias\/wp-json\/wp\/v2\/types\/post"}],"author":[{"embeddable":true,"href":"https:\/\/vinasfm.com\/noticias\/wp-json\/wp\/v2\/users\/8"}],"replies":[{"embeddable":true,"href":"https:\/\/vinasfm.com\/noticias\/wp-json\/wp\/v2\/comments?post=80820"}],"version-history":[{"count":2,"href":"https:\/\/vinasfm.com\/noticias\/wp-json\/wp\/v2\/posts\/80820\/revisions"}],"predecessor-version":[{"id":80823,"href":"https:\/\/vinasfm.com\/noticias\/wp-json\/wp\/v2\/posts\/80820\/revisions\/80823"}],"wp:featuredmedia":[{"embeddable":true,"href":"https:\/\/vinasfm.com\/noticias\/wp-json\/wp\/v2\/media\/80822"}],"wp:attachment":[{"href":"https:\/\/vinasfm.com\/noticias\/wp-json\/wp\/v2\/media?parent=80820"}],"wp:term":[{"taxonomy":"category","embeddable":true,"href":"https:\/\/vinasfm.com\/noticias\/wp-json\/wp\/v2\/categories?post=80820"},{"taxonomy":"post_tag","embeddable":true,"href":"https:\/\/vinasfm.com\/noticias\/wp-json\/wp\/v2\/tags?post=80820"}],"curies":[{"name":"wp","href":"https:\/\/api.w.org\/{rel}","templated":true}]}}