{"id":80815,"date":"2020-11-19T10:00:30","date_gmt":"2020-11-19T13:00:30","guid":{"rendered":"http:\/\/vinasfm.com\/noticias\/?p=80815"},"modified":"2020-11-19T12:39:44","modified_gmt":"2020-11-19T15:39:44","slug":"el-colegio-de-abogados-del-sur-provincial-reclamo-a-la-corte-que-apure-las-sentencias","status":"publish","type":"post","link":"https:\/\/vinasfm.com\/noticias\/el-colegio-de-abogados-del-sur-provincial-reclamo-a-la-corte-que-apure-las-sentencias\/","title":{"rendered":"EL COLEGIO DE ABOGADOS DEL SUR PROVINCIAL RECLAM\u00d3 A LA CORTE QUE APURE LAS SENTENCIAS"},"content":{"rendered":"<h5><span style=\"color: #000000;\"><strong>El\u00a0Colegio de Abogados y Procuradores de la Segunda Circunscripci\u00f3n Judicial\u00a0(San Rafael,\u00a0General Alvear\u00a0y Malarg\u00fce) envi\u00f3 una nota a la Suprema Corte de Justicia de Mendoza reclamando que ya\u00a0no se extiendan los plazos procesales\u00a0con la excusa de la pandemia para que pueda haber sentencia\u00a0en las numerosas causas que se encuentran a la espera de una resoluci\u00f3n.<\/strong><\/span><\/h5>\n<p><span style=\"color: #000000;\">En la nota dirigida al presidente de la Corte,\u00a0<strong>Dalmiro Garay<\/strong>, los profesionales\u00a0expresan \u00ab<em>una profunda preocupaci\u00f3n por la constante e ininterrumpida pr\u00f3rroga de plazos a los magistrados y funcionarios judiciales desde el d\u00eda 16 de marzo de 2020 a la actualidad, es decir por m\u00e1s de 8 meses, lo cual\u00a0<strong>ralentiza a la Justicia<\/strong>\u00a0y claramente la hace menos eficiente por la prolongada demora, ya injustificada, en la resoluci\u00f3n de las causas<\/em>\u00ab.<\/span><\/p>\n<p><span style=\"color: #000000;\">\u00ab<em>La reciente acordada N\u00b0 29803, preocupa de sobremanera, ya que nuevamente\u00a0<strong>se vuelven a prorrogar los plazos procesales<\/strong> para dictar resoluciones de todo tipo y ello implica un claro retroceso para el servicio de Justicia<\/em>\u00ab, agrega la nota enviada a la Corte.<\/span><\/p>\n<p><span style=\"color: #000000;\">Por \u00faltimo, desde el Colegio de Abogados del Sur provincial solicitaron que \u00ab<strong><em>se deje sin efecto la suspensi\u00f3n de plazos, ya que la demora supera en algunos fueros\u00a0toda\u00a0razonabilidad\u00a0y el dictado de resoluciones y sentencias judiciales en los plazos que establecen los c\u00f3digos procesales resultan imperiosos para la comunidad en general de Mendoza<\/em><\/strong>\u00ab.<\/span><\/p>\n<p><span style=\"color: #000000;\">\u00ab<strong><em>Vemos con preocupaci\u00f3n que con estas medidas se est\u00e1 vulnerando de forma concreta el\u00a0acceso a la Justicia<\/em><\/strong>\u00ab, completa la nota enviada al presidente de la Corte.<\/span><\/p>\n","protected":false},"excerpt":{"rendered":"<p>El\u00a0Colegio de Abogados y Procuradores de la Segunda Circunscripci\u00f3n Judicial\u00a0(San Rafael,\u00a0General Alvear\u00a0y Malarg\u00fce) envi\u00f3 una nota a la Suprema Corte de &#8230;<\/p>\n","protected":false},"author":8,"featured_media":80817,"comment_status":"open","ping_status":"open","sticky":false,"template":"","format":"standard","meta":{"footnotes":""},"categories":[5,22],"tags":[],"class_list":["post-80815","post","type-post","status-publish","format-standard","has-post-thumbnail","hentry","category-actualidad","category-justicia"],"_links":{"self":[{"href":"https:\/\/vinasfm.com\/noticias\/wp-json\/wp\/v2\/posts\/80815","targetHints":{"allow":["GET"]}}],"collection":[{"href":"https:\/\/vinasfm.com\/noticias\/wp-json\/wp\/v2\/posts"}],"about":[{"href":"https:\/\/vinasfm.com\/noticias\/wp-json\/wp\/v2\/types\/post"}],"author":[{"embeddable":true,"href":"https:\/\/vinasfm.com\/noticias\/wp-json\/wp\/v2\/users\/8"}],"replies":[{"embeddable":true,"href":"https:\/\/vinasfm.com\/noticias\/wp-json\/wp\/v2\/comments?post=80815"}],"version-history":[{"count":2,"href":"https:\/\/vinasfm.com\/noticias\/wp-json\/wp\/v2\/posts\/80815\/revisions"}],"predecessor-version":[{"id":80819,"href":"https:\/\/vinasfm.com\/noticias\/wp-json\/wp\/v2\/posts\/80815\/revisions\/80819"}],"wp:featuredmedia":[{"embeddable":true,"href":"https:\/\/vinasfm.com\/noticias\/wp-json\/wp\/v2\/media\/80817"}],"wp:attachment":[{"href":"https:\/\/vinasfm.com\/noticias\/wp-json\/wp\/v2\/media?parent=80815"}],"wp:term":[{"taxonomy":"category","embeddable":true,"href":"https:\/\/vinasfm.com\/noticias\/wp-json\/wp\/v2\/categories?post=80815"},{"taxonomy":"post_tag","embeddable":true,"href":"https:\/\/vinasfm.com\/noticias\/wp-json\/wp\/v2\/tags?post=80815"}],"curies":[{"name":"wp","href":"https:\/\/api.w.org\/{rel}","templated":true}]}}