{"id":80748,"date":"2020-11-18T08:13:53","date_gmt":"2020-11-18T11:13:53","guid":{"rendered":"http:\/\/vinasfm.com\/noticias\/?p=80748"},"modified":"2020-11-18T10:23:15","modified_gmt":"2020-11-18T13:23:15","slug":"el-senado-aprobo-el-presupuesto-con-cambios-y-vuelve-a-diputados","status":"publish","type":"post","link":"https:\/\/vinasfm.com\/noticias\/el-senado-aprobo-el-presupuesto-con-cambios-y-vuelve-a-diputados\/","title":{"rendered":"EL SENADO APROB\u00d3 EL PRESUPUESTO CON CAMBIOS Y VUELVE A DIPUTADOS"},"content":{"rendered":"<h4><strong>Despu\u00e9s de largas negociaciones entre el oficialismo y la oposici\u00f3n, ambas fuerzas respaldaron que se incorpore un a\u00f1o de roll over y que pueda tomarse deudas para obras por un monto de 160 millones de d\u00f3lares.<\/strong><\/h4>\n<p>Tras largas horas de negociaci\u00f3n, oposici\u00f3n y oficialismo llegaron a un acuerdo para aprobar el Presupuesto General de la Provincia para el a\u00f1o pr\u00f3ximo. <strong>Dicho proyecto se aprob\u00f3 por 36 votos afirmativos, uno negativo y una abstenci\u00f3n, pero al ser modificado, tendr\u00e1 que volver en segunda revisi\u00f3n a Diputados para que sea avalado<\/strong>. En particular, desde el Frente de Todos, votaron en contra de los art\u00edculos 77 y 78.<\/p>\n<p>Dicho proyecto contempla recursos corrientes por un total de 206.241 millones de pesos y egresos corrientes por un total de 202.227 millones de pesos. <strong>El Senado adem\u00e1s consensu\u00f3 la posibilidad de refinanciamiento de deuda, a trav\u00e9s del instrumento del roll-over por un a\u00f1o y que pueda tomarse deuda por 160 millones de d\u00f3lares que ser\u00e1 destinado a obras.<\/strong><\/p>\n<p>Para ello fueron modificados los art\u00edculos 38 referido al roll over y el 40 en donde solicitan la toma de deuda para desarrollar diferentes obras en nuestra Provincia.<\/p>\n<p>Del total de recursos corrientes, <strong>el 58% son de origen nacional, mientras que el 42% restante de origen provincial \u2013 73% tributarios y 27% no tributarios. El super\u00e1vit corriente es de $ 4000 millones.<\/strong><\/p>\n<p>La pauta presupuestaria provincial toma como referencia\u00a0 los par\u00e1metros macrofiscales nacionales con un crecimiento real del PBI de 5,5%. Adem\u00e1s, presenta un tipo de cambio nominal de 102,4 pesos y una variaci\u00f3n anual del IPC, del 29%.<\/p>\n<p>La inversi\u00f3n prevista para el pr\u00f3ximo a\u00f1o, rondar\u00e1 los 35.602 millones de pesos, de los cuales <strong>el 58%\u00a0 \u2013 alrededor de 21.000 millones \u2013 estar\u00e1n destinados a Portezuelo del Viento; un 21% a obras de infraestructura vial, municipal y desarrollo econ\u00f3mico<\/strong> \u2013 <strong>maternidad Hospital Luis Lagomaggiore, arreglo de edificios escolares, ruta provincial 82, sistema de cloacas del Departamento de Malarg\u00fce, Red de Ciclov\u00edas para el \u00e1rea Metropolitana, Polo Judicial Penal- y el resto se destinar\u00e1 a fideicomisos cuyo objeto es la aplicaci\u00f3n de programas para la reactivaci\u00f3n econ\u00f3mica, como Enlace, Mendoza Activa, entre otros. Asimismo, se duplicar\u00e1 el aporte al Instituto Provincial de la Vivienda previendo la realizaci\u00f3n 1.475 viviendas.<\/strong><\/p>\n<h4><strong>El Debate<\/strong><\/h4>\n<p>El senador Diego Costarelli fue el miembro informante durante el tratamiento de la Ley de Leyes: \u201cEste Presupuesto se elabor\u00f3 en base a las pautas nacionales de la macroeconom\u00eda. Somos altamente responsables a la hora de manejar las cuentas del Estado\u00bb, coment\u00f3.<\/p>\n<p>Adem\u00e1s remarco que \u00abla principal obsesi\u00f3n ha sido la eficiencia a la hora de la prestaci\u00f3n de servicios. En el sistema sanitario hay una fuerte inversi\u00f3n del Gobierno Provincial en medio de la pandemia que estamos viviendo. En el sistema educativo se van a destinar 3.000 millones de pesos en infraestructura escolar. Este Presupuesto tiene un alto impacto en estos dos servicios b\u00e1sicos\u00bb.<\/p>\n<p>Costarelli tambi\u00e9n prioriz\u00f3 que el Gobierno va a continuar invirtiendo fuertemente en la obra p\u00fablica. \u00abHacemos mucho hincapi\u00e9 en la inversi\u00f3n privada, es aquella que nos brinda la principal fuente de empleo genuino. Vamos a continuar con Mendoza Activa y con los diferentes planes que viene desarrollando el Gobierno Provincial. Es un Presupuesto equilibrado que pone \u00e9nfasis en la prestaci\u00f3n de los servicios y en la generaci\u00f3n de empleo genuino\u00bb, dijo.<\/p>\n<p>Tambi\u00e9n se refiri\u00f3 a las negociaciones que hubo a lo largo del d\u00eda. \u00abHemos arribado a un acuerdo por un financiamiento de 160 millones de d\u00f3lares. Ha sido bastante productivo este proceso. Necesitamos un Estado de Mendoza que sea un resorte de empleo genuino. Adem\u00e1s estamos obteniendo el roll over, esto lo necesitamos en forma permanente como ya lo tienen otras Provincias\u00bb, aclar\u00f3.<\/p>\n<p>Por su parte, Adolfo Bermejo hizo hincapi\u00e9 en que estos \u00abson\u00bb resultados importantes para la provincia de Mendoza. \u00abYo lo que quiero poner en valor es la actitud de nuestro bloque: hemos actuado a lo largo de este a\u00f1o en particular con mucha responsabilidad: hemos asistido a reuniones con distintos ministros para estar bien informados para tomar la decisi\u00f3n correcta; hemos aprobado todas las leyes que pidi\u00f3 el Poder Ejecutivo. Muchas gestiones se hicieron a nivel nacional con nuestros legisladores, con nuestros intendentes con motivo de combatir estas pandemia que vivimos en la actualidad\u00bb, precis\u00f3.<\/p>\n<p>Asimismo el senador Pablo Priore enfatiz\u00f3 que es necesario que se debatan estas leyes para los mendocinos y rescat\u00f3 la actitud tanto del oficialismo como de la oposici\u00f3n en lograr consensos. \u00abEstamos cumpliendo con lo que pide la ciudadan\u00eda mendocina, quiero celebrar la buena predisposici\u00f3n de la oposici\u00f3n\u00bb, expres\u00f3 el legislador.<\/p>\n<p>El legislador H\u00e9ctor Bonarrico felicit\u00f3 al cuerpo legislativo por \u00abpensar\u00bb en los mendocinos y adelant\u00f3 que desde su bloque MASFE acompa\u00f1ar\u00e1n las leyes en cuesti\u00f3n. Adem\u00e1s aplaudi\u00f3 que se haya podido llegar a un acuerdo para avanzar en el tratamiento de Presupuesto.<\/p>\n<p>\u00abEs un d\u00eda sombr\u00edo para la Provincia por todo lo que se est\u00e1 votando. Estos Presupuestos no vienen a combatir el crecimiento de la pobreza, ya que estas partidas destinadas a la salud y a la educaci\u00f3n van a quedar debajo de la inflaci\u00f3n. El ajuste lo van a pagar los mismos de siempre. Vamos a rechazar las tres leyes\u00bb, explic\u00f3 por su parte Lautaro Jim\u00e9nez desde el Frente de Izquierda.<\/p>\n<p>Luego, el senador Marcelo Romano de Protectora manifest\u00f3 que se abstendr\u00e1n para votar el proyecto de Presupuesto \u201cNos hubiese gustado que el Gobernador (Rodolfo) Su\u00e1rez, nos hubiese dicho en qu\u00e9 estado recibi\u00f3 la Provincia\u201d.<\/p>\n<p>Desde el partido Intransigente el senador Daniel Galdeano a\u00f1adi\u00f3 que Mendoza merece crecer, al margen de las cuestiones partidarias, por lo que acompa\u00f1ar\u00e1n el proyecto de Presupuesto. \u201cHoy estamos en un momento donde no hay m\u00e1s excusas por lo que hay que sentarse a gobernar y poner a Mendoza de pie\u201d.<\/p>\n<p>El legislador Alejandro Abraham tambi\u00e9n habl\u00f3 en el recinto de la Legislatura Provincial. En estas horas hemos tratado de buscar lo que le sirve al mendocino, no al Gobierno Radical. Lo que nos dijo el Gobernador sobre el salvaje no nos asusta. Nosotros estamos libres para votar lo que hemos venido a votar. Nadie nos da una orden de afuera y esto lo venimos sosteniendo desde el primer d\u00eda\u00bb, enfatiz\u00f3.<\/p>\n<p>Por su parte, el presidente del bloque Frente de Todos Lucas Ilardo habl\u00f3 sobre la postura que tom\u00f3 su bloque con respecto a los tres proyectos en tratamiento. \u00abMientras nosotros estamos debatiendo hay equipos t\u00e9cnicos e intendentes tratando de lograr un consenso. En el d\u00eda de la fecha el Gobierno tom\u00f3 la postura de dialogar, en el marco del esquema que uno pertenece hay personas que tienen responsabilidad de conducir y hay intendentes que tienen que gestionar y obligaciones por sobre nuestros intereses y por eso los escuchamos\u00bb, dijo.<\/p>\n<p>\u201cPara el Gobierno y la oposici\u00f3n era un desaf\u00edo ponerse de acuerdo, se lleg\u00f3 a un acuerdo en una herramienta administrativa, esto no quiere decir que tengamos la misma visi\u00f3n. El objetivo central era que el Gobernador tuviera su herramienta, porque la situaci\u00f3n sigue siendo critica. El senador Bermejo fue claro en un resumen de cosas que se aprobaron a lo largo del a\u00f1o. Suarez tiene una oposici\u00f3n responsable\u00bb.<\/p>\n<p>Alejandro Diumejo se refiri\u00f3 a las herramientas que se votan hoy para darle al Gobierno elementos para que pueda llevarse adelante su propuesta: \u201cCuando hablo de herramientas hablo del roll over y esto no se trata de un capricho sino que debe entender la l\u00f3gica de los mercados, del financiamiento y como todo esto lleva a un largo plazo\u201d.<\/p>\n<p>En este sentido agradeci\u00f3 a la oposici\u00f3n por incorporar los 160 millones de d\u00f3lares \u201cen momentos donde no hay empleo, hay carencia, hay pobreza y en donde tenemos que logar que todo esto transcurra en un tiempo determinado\u201d, a\u00f1adi\u00f3 el legislador.<\/p>\n","protected":false},"excerpt":{"rendered":"<p>Despu\u00e9s de largas negociaciones entre el oficialismo y la oposici\u00f3n, ambas fuerzas respaldaron que se incorpore un a\u00f1o de roll over &#8230;<\/p>\n","protected":false},"author":7,"featured_media":80749,"comment_status":"open","ping_status":"open","sticky":false,"template":"","format":"standard","meta":{"footnotes":""},"categories":[5,43],"tags":[],"class_list":["post-80748","post","type-post","status-publish","format-standard","has-post-thumbnail","hentry","category-actualidad","category-legislatura"],"_links":{"self":[{"href":"https:\/\/vinasfm.com\/noticias\/wp-json\/wp\/v2\/posts\/80748","targetHints":{"allow":["GET"]}}],"collection":[{"href":"https:\/\/vinasfm.com\/noticias\/wp-json\/wp\/v2\/posts"}],"about":[{"href":"https:\/\/vinasfm.com\/noticias\/wp-json\/wp\/v2\/types\/post"}],"author":[{"embeddable":true,"href":"https:\/\/vinasfm.com\/noticias\/wp-json\/wp\/v2\/users\/7"}],"replies":[{"embeddable":true,"href":"https:\/\/vinasfm.com\/noticias\/wp-json\/wp\/v2\/comments?post=80748"}],"version-history":[{"count":1,"href":"https:\/\/vinasfm.com\/noticias\/wp-json\/wp\/v2\/posts\/80748\/revisions"}],"predecessor-version":[{"id":80750,"href":"https:\/\/vinasfm.com\/noticias\/wp-json\/wp\/v2\/posts\/80748\/revisions\/80750"}],"wp:featuredmedia":[{"embeddable":true,"href":"https:\/\/vinasfm.com\/noticias\/wp-json\/wp\/v2\/media\/80749"}],"wp:attachment":[{"href":"https:\/\/vinasfm.com\/noticias\/wp-json\/wp\/v2\/media?parent=80748"}],"wp:term":[{"taxonomy":"category","embeddable":true,"href":"https:\/\/vinasfm.com\/noticias\/wp-json\/wp\/v2\/categories?post=80748"},{"taxonomy":"post_tag","embeddable":true,"href":"https:\/\/vinasfm.com\/noticias\/wp-json\/wp\/v2\/tags?post=80748"}],"curies":[{"name":"wp","href":"https:\/\/api.w.org\/{rel}","templated":true}]}}