{"id":80741,"date":"2020-11-18T06:59:53","date_gmt":"2020-11-18T09:59:53","guid":{"rendered":"http:\/\/vinasfm.com\/noticias\/?p=80741"},"modified":"2020-11-18T10:23:19","modified_gmt":"2020-11-18T13:23:19","slug":"se-retoman-las-cirugias-programadas-en-la-provincia","status":"publish","type":"post","link":"https:\/\/vinasfm.com\/noticias\/se-retoman-las-cirugias-programadas-en-la-provincia\/","title":{"rendered":"SE RETOMAN LAS CIRUG\u00cdAS PROGRAMADAS EN LA PROVINCIA"},"content":{"rendered":"<h4>En esta etapa se reanuda un 30% de cirug\u00edas en el Gran Mendoza y el Este; y un 15% de utilizaci\u00f3n de camas totales de cada establecimiento sanitario en el Valle de Uco y el Sur mendocino.<\/h4>\n<p>El Ministerio de Salud, Desarrollo Social Y Deportes, informa que seg\u00fan resoluci\u00f3n ministerial se dispone que los establecimientos sanitarios de la Provincia, tanto del sector p\u00fablico como privado, que cuenten con internaci\u00f3n podr\u00e1n realizar cirug\u00edas programadas.<\/p>\n<p>En el marco del avance de la pandemia, se dispuso la suspensi\u00f3n de las cirug\u00edas programadas en los establecimientos de salud que contaran con internaci\u00f3n, tanto del sector p\u00fablico como privado. <strong>Siempre que las mismas pudieran postergarse, sin que ello representara un riesgo para la salud o la vida de las personas.<\/strong><\/p>\n<p>Estas medidas adoptadas fueron dispuestas en el marco de la emergencia sanitaria declarada por la COVID-19, priorizando el cuidado y la atenci\u00f3n de los pacientes y la situaci\u00f3n epidemiol\u00f3gica de la provincia.<\/p>\n<p>Al respecto, la ministra de Salud, Desarrollo Social y Deportes, Ana Mar\u00eda Nadal, manifest\u00f3: <strong>\u201cA partir del amesetamiento que se est\u00e1 viendo en la Provincia, se determin\u00f3 que resulta oportuno restablecer las cirug\u00edas programadas<\/strong>, de acuerdo a la situaci\u00f3n epidemiol\u00f3gica de las diferentes regiones. Siempre teniendo en consideraci\u00f3n el avance de la pandemia y la necesidad de contar con camas disponibles, tanto para patolog\u00edas relacionadas a COVID-19 moderadas como aquellas m\u00e1s graves, en los diferentes establecimientos de salud\u201d.<\/p>\n<p>\u201cDebiendo respetar un m\u00e1ximo de treinta por ciento de utilizaci\u00f3n de camas totales de cada establecimiento en el Gran Mendoza y el Este. <strong>En tanto las instituciones sanitarias que se encuentren en la zona Sur -San Rafael, Malarg\u00fce y General Alvear-<\/strong> y en el Valle de Uco -Tupungato, Tunuy\u00e1n y San Carlos-, <strong>podr\u00e1n realizar cirug\u00edas programadas hasta un m\u00e1ximo de quince por ciento de utilizaci\u00f3n de camas totales\u201d,<\/strong> afirm\u00f3 la ministra.<\/p>\n<p>En esta medida, la Direcci\u00f3n General de Hospitales ser\u00e1 la encargada de auditar el efectivo cumplimiento de lo establecido en la Resoluci\u00f3n.<\/p>\n<h5><strong><em>A.C.<\/em><\/strong><\/h5>\n","protected":false},"excerpt":{"rendered":"<p>En esta etapa se reanuda un 30% de cirug\u00edas en el Gran Mendoza y el Este; y un 15% de utilizaci\u00f3n &#8230;<\/p>\n","protected":false},"author":7,"featured_media":67544,"comment_status":"open","ping_status":"open","sticky":false,"template":"","format":"standard","meta":{"footnotes":""},"categories":[5,15],"tags":[],"class_list":["post-80741","post","type-post","status-publish","format-standard","has-post-thumbnail","hentry","category-actualidad","category-salud"],"_links":{"self":[{"href":"https:\/\/vinasfm.com\/noticias\/wp-json\/wp\/v2\/posts\/80741","targetHints":{"allow":["GET"]}}],"collection":[{"href":"https:\/\/vinasfm.com\/noticias\/wp-json\/wp\/v2\/posts"}],"about":[{"href":"https:\/\/vinasfm.com\/noticias\/wp-json\/wp\/v2\/types\/post"}],"author":[{"embeddable":true,"href":"https:\/\/vinasfm.com\/noticias\/wp-json\/wp\/v2\/users\/7"}],"replies":[{"embeddable":true,"href":"https:\/\/vinasfm.com\/noticias\/wp-json\/wp\/v2\/comments?post=80741"}],"version-history":[{"count":1,"href":"https:\/\/vinasfm.com\/noticias\/wp-json\/wp\/v2\/posts\/80741\/revisions"}],"predecessor-version":[{"id":80742,"href":"https:\/\/vinasfm.com\/noticias\/wp-json\/wp\/v2\/posts\/80741\/revisions\/80742"}],"wp:featuredmedia":[{"embeddable":true,"href":"https:\/\/vinasfm.com\/noticias\/wp-json\/wp\/v2\/media\/67544"}],"wp:attachment":[{"href":"https:\/\/vinasfm.com\/noticias\/wp-json\/wp\/v2\/media?parent=80741"}],"wp:term":[{"taxonomy":"category","embeddable":true,"href":"https:\/\/vinasfm.com\/noticias\/wp-json\/wp\/v2\/categories?post=80741"},{"taxonomy":"post_tag","embeddable":true,"href":"https:\/\/vinasfm.com\/noticias\/wp-json\/wp\/v2\/tags?post=80741"}],"curies":[{"name":"wp","href":"https:\/\/api.w.org\/{rel}","templated":true}]}}