{"id":80735,"date":"2020-11-18T09:00:51","date_gmt":"2020-11-18T12:00:51","guid":{"rendered":"http:\/\/vinasfm.com\/noticias\/?p=80735"},"modified":"2020-11-19T10:28:08","modified_gmt":"2020-11-19T13:28:08","slug":"centro-cultural-casa-cabral-y-cajero-automatico-dos-obras-anheladas-en-alvear-oeste","status":"publish","type":"post","link":"https:\/\/vinasfm.com\/noticias\/centro-cultural-casa-cabral-y-cajero-automatico-dos-obras-anheladas-en-alvear-oeste\/","title":{"rendered":"CENTRO CULTURAL &#8216;CASA CABRAL&#8217; Y CAJERO AUTOM\u00c1TICO, DOS OBRAS ANHELADAS EN ALVEAR OESTE"},"content":{"rendered":"<h4><span style=\"color: #000000;\"><strong>El Secretario de Gobierno junto al Delegado de Alvear Oeste dieron detalles de las obras del proyecto del Centro Cultural Casa Cabral y de los avances en el cajero de ese Distrito.<\/strong><\/span><\/h4>\n<div><\/div>\n<div><span style=\"color: #000000;\">\u201c<strong><em>En este plan de federalizaci\u00f3n que tiene el municipio fue que se pens\u00f3 en el beneficio de la obra del cajero en Oeste, como tambi\u00e9n en la remodelaci\u00f3n de la plaza, la casa Cabral que funcionar\u00e1 en Laprida 58, la casa de la Licencia de Conducir en Centenario y Laprida, la cual tendr\u00e1 m\u00e1s comodidad, con lugares amplios y refaccionados, la urbanizaci\u00f3n de distintos barrios y asfaltos. Estamos muy contentos de poder cumplir con los pedidos de los vecinos<\/em><\/strong>\u201d, explic\u00f3 <strong>Jos\u00e9 Vilches a F.M. VI\u00d1AS.<\/strong><\/span><\/div>\n<div><\/div>\n<div><span style=\"color: #000000;\"><a style=\"color: #000000;\" href=\"http:\/\/vinasfm.com\/noticias\/wp-content\/uploads\/2020\/11\/IMG-20201118-WA0000.jpg\"><img loading=\"lazy\" decoding=\"async\" class=\"size-full wp-image-80739 aligncenter\" src=\"http:\/\/vinasfm.com\/noticias\/wp-content\/uploads\/2020\/11\/IMG-20201118-WA0000.jpg\" alt=\"\" width=\"1024\" height=\"576\" srcset=\"https:\/\/vinasfm.com\/noticias\/wp-content\/uploads\/2020\/11\/IMG-20201118-WA0000.jpg 1024w, https:\/\/vinasfm.com\/noticias\/wp-content\/uploads\/2020\/11\/IMG-20201118-WA0000-300x169.jpg 300w, https:\/\/vinasfm.com\/noticias\/wp-content\/uploads\/2020\/11\/IMG-20201118-WA0000-768x432.jpg 768w\" sizes=\"auto, (max-width: 1024px) 100vw, 1024px\" \/><\/a><\/span><\/div>\n<div><\/div>\n<div><span style=\"color: #000000;\">La <strong>Casa Cabral<\/strong> ser\u00e1 un <strong>futuro Museo del Alvear Oeste<\/strong>, en un proyecto que se trabaja con el \u00c1rea de Museos: \u201c<strong><em>Este edificio ser\u00e1 un Centro Cultural de este Distrito, bajo las tem\u00e1ticas: Regional y Reinas de la Vendimia y Ferrocarril<\/em><\/strong>\u201d, manifest\u00f3 <strong>Mariano Varela.<\/strong><\/span><\/div>\n<div><\/div>\n<div><span style=\"color: #000000;\">En la misma linea subray\u00f3: \u201c<strong><em>Estamos trabajando en la remodelaci\u00f3n de los ba\u00f1os, paredes, revoques, pintura, la casa cuenta con diez espacios, un patio muy hermoso y grande, todos los que la visiten podr\u00e1n ver sus paredes antiguas y disfrutar de la belleza del lugar<\/em><\/strong>\u201d.<\/span><\/div>\n<div><\/div>\n<div><span style=\"color: #000000;\">En un convenio con el <strong>CCT<\/strong> de la <strong>Direcci\u00f3n General de Escuelas<\/strong> se van a brindar en este lugar tres talleres: <strong>costura, electricidad<\/strong> y <strong>computaci\u00f3n<\/strong>. El objetivo es darle una <strong>salida laboral a los vecinos ense\u00f1\u00e1ndoles un oficio: \u00ab<em>Tambi\u00e9n se dictar\u00e1n los municipales como el taller el literario, de marroquiner\u00eda y pintura<\/em><\/strong>\u201d, puntualiz\u00f3 el delegado.<\/span><\/div>\n<div><\/div>\n<div><span style=\"color: #000000;\"><a style=\"color: #000000;\" href=\"http:\/\/vinasfm.com\/noticias\/wp-content\/uploads\/2020\/11\/IMG-20201118-WA0022.jpg\"><img loading=\"lazy\" decoding=\"async\" class=\"aligncenter wp-image-80737 size-full\" src=\"http:\/\/vinasfm.com\/noticias\/wp-content\/uploads\/2020\/11\/IMG-20201118-WA0022.jpg\" alt=\"\" width=\"1024\" height=\"576\" srcset=\"https:\/\/vinasfm.com\/noticias\/wp-content\/uploads\/2020\/11\/IMG-20201118-WA0022.jpg 1024w, https:\/\/vinasfm.com\/noticias\/wp-content\/uploads\/2020\/11\/IMG-20201118-WA0022-300x169.jpg 300w, https:\/\/vinasfm.com\/noticias\/wp-content\/uploads\/2020\/11\/IMG-20201118-WA0022-768x432.jpg 768w\" sizes=\"auto, (max-width: 1024px) 100vw, 1024px\" \/><\/a><\/span><\/div>\n<div><\/div>\n<div><span style=\"color: #000000;\">Con respecto a la <strong>obra del cajero autom\u00e1tico,<\/strong> <strong>se ha realizado la parte civil<\/strong> que le corresponde a la Municipalidad como \u00ab<strong><em>las paredes, techo y la parte de electricidad, tambi\u00e9n se hicieron las veredas, rejas, vidriado y puertas esto le ha dado otra vista a la Delegaci\u00f3n. Todo lo que es la postura y seguridad del cajero le corresponde al Banco<\/em><\/strong>\u201d, sostuvo el Delegado Varela.<\/span><\/div>\n<div><\/div>\n<div><span style=\"color: #000000;\"><strong>La obra est\u00e1 en un 85%<\/strong> y est\u00e1 a punto de terminar: \u00ab<strong><em>Esta obra nos trajo muchos beneficios a la Delegaci\u00f3n porque le dio seguridad, adem\u00e1s de cambiarle la fachada, en lo que respecta a la iluminaci\u00f3n, accesibilidad y cierres perimetrales. Dentro de un tiempo avanzaremos en el tinglado y estamos proyectando los dep\u00f3sitos<\/em><\/strong>\u201d, agreg\u00f3 enf\u00e1ticamente.<\/span><\/div>\n<div><\/div>\n<div><\/div>\n<div><span style=\"color: #000000;\">Finalmente concluy\u00f3: \u00ab<strong><em>Estamos trabajando con varios empleados y muchas horas para llegar para el aniversario de nuestro Distrito, agradecemos mucho al Intendente que supo escuchar a los vecinos<\/em><\/strong>\u201d.<\/span><\/div>\n<h5><span style=\"color: #000000;\">\u2022F.B.<\/span><\/h5>\n","protected":false},"excerpt":{"rendered":"<p>El Secretario de Gobierno junto al Delegado de Alvear Oeste dieron detalles de las obras del proyecto del Centro Cultural Casa &#8230;<\/p>\n","protected":false},"author":8,"featured_media":80736,"comment_status":"open","ping_status":"open","sticky":false,"template":"","format":"standard","meta":{"footnotes":""},"categories":[5,29],"tags":[],"class_list":["post-80735","post","type-post","status-publish","format-standard","has-post-thumbnail","hentry","category-actualidad","category-obras-y-servicios"],"_links":{"self":[{"href":"https:\/\/vinasfm.com\/noticias\/wp-json\/wp\/v2\/posts\/80735","targetHints":{"allow":["GET"]}}],"collection":[{"href":"https:\/\/vinasfm.com\/noticias\/wp-json\/wp\/v2\/posts"}],"about":[{"href":"https:\/\/vinasfm.com\/noticias\/wp-json\/wp\/v2\/types\/post"}],"author":[{"embeddable":true,"href":"https:\/\/vinasfm.com\/noticias\/wp-json\/wp\/v2\/users\/8"}],"replies":[{"embeddable":true,"href":"https:\/\/vinasfm.com\/noticias\/wp-json\/wp\/v2\/comments?post=80735"}],"version-history":[{"count":1,"href":"https:\/\/vinasfm.com\/noticias\/wp-json\/wp\/v2\/posts\/80735\/revisions"}],"predecessor-version":[{"id":80740,"href":"https:\/\/vinasfm.com\/noticias\/wp-json\/wp\/v2\/posts\/80735\/revisions\/80740"}],"wp:featuredmedia":[{"embeddable":true,"href":"https:\/\/vinasfm.com\/noticias\/wp-json\/wp\/v2\/media\/80736"}],"wp:attachment":[{"href":"https:\/\/vinasfm.com\/noticias\/wp-json\/wp\/v2\/media?parent=80735"}],"wp:term":[{"taxonomy":"category","embeddable":true,"href":"https:\/\/vinasfm.com\/noticias\/wp-json\/wp\/v2\/categories?post=80735"},{"taxonomy":"post_tag","embeddable":true,"href":"https:\/\/vinasfm.com\/noticias\/wp-json\/wp\/v2\/tags?post=80735"}],"curies":[{"name":"wp","href":"https:\/\/api.w.org\/{rel}","templated":true}]}}