{"id":80689,"date":"2020-11-17T06:13:54","date_gmt":"2020-11-17T09:13:54","guid":{"rendered":"http:\/\/vinasfm.com\/noticias\/?p=80689"},"modified":"2020-11-18T07:33:12","modified_gmt":"2020-11-18T10:33:12","slug":"suarez-abrio-la-posibilidad-de-incluir-el-trasvase-al-atuel-en-la-mega-obra-de-portezuelo","status":"publish","type":"post","link":"https:\/\/vinasfm.com\/noticias\/suarez-abrio-la-posibilidad-de-incluir-el-trasvase-al-atuel-en-la-mega-obra-de-portezuelo\/","title":{"rendered":"SUAREZ ABRI\u00d3 LA POSIBILIDAD DE INCLUIR EL TRASVASE AL ATUEL EN LA MEGA OBRA DE PORTEZUELO"},"content":{"rendered":"<h4><strong>En la visita de Rodolfo Suarez a Malarg\u00fce, por el aniversario de este departamento, el gobernador se refiri\u00f3 a Portezuelo del Viento y al pedido de diferentes entidades y sectores de que la mega obra contemple el trasvase del R\u00edo Grande al Atuel. \u00a0<\/strong><\/h4>\n<p>En este sentido Suarez dijo: \u201c<em><strong>Hay que hacer todo, la obra, el trasvase<\/strong>, salir a buscar el dinero, los estudios correspondientes, todo. Ahora estamos abriendo el sobre dos con las propuestas t\u00e9cnicas, est\u00e1n todos los equipos trabajando y analizando lo que dice la empresa, despu\u00e9s va venir la apertura del sobre econ\u00f3mico y finalmente empieza la obra\u201d.<\/em><\/p>\n<p><em>\u201cNosotros llevamos nuestra postura al resto del pa\u00eds y ya hemos conseguido el apoyo de Neuqu\u00e9n, de Rio Negro, y las disputas naturales que tenemos con La Pampa son varias, pero <strong>queremos estudiar bien lo del trasvase y hemos hablado con Irrigaci\u00f3n y con gente de la UTE para ver si una vez comenzada la obra se pueden empezar a hacer los estudios correspondientes para el trasvase\u201d<\/strong>,<\/em> agreg\u00f3 el primer mandatario mendocino.<\/p>\n<p><em>\u201cT<strong>anto Portezuelo, el cumplimiento del fallo del Atuel, o el trasvase, lo vamos a poder hacer si estamos unidos, si nos ponemos piedras entre nosotros lo que hacen es debilitar<\/strong> a un Gobernador que va a pelear un laudo con el presidente y con otras provincias para que haya energ\u00eda y empleo en la provincia<\/em>\u201d, finaliz\u00f3 Suarez.<\/p>\n<h5><strong><em>A.C.<\/em><\/strong><\/h5>\n","protected":false},"excerpt":{"rendered":"<p>En la visita de Rodolfo Suarez a Malarg\u00fce, por el aniversario de este departamento, el gobernador se refiri\u00f3 a Portezuelo del &#8230;<\/p>\n","protected":false},"author":7,"featured_media":80690,"comment_status":"open","ping_status":"open","sticky":false,"template":"","format":"standard","meta":{"footnotes":""},"categories":[5,10],"tags":[],"class_list":["post-80689","post","type-post","status-publish","format-standard","has-post-thumbnail","hentry","category-actualidad","category-destacadas"],"_links":{"self":[{"href":"https:\/\/vinasfm.com\/noticias\/wp-json\/wp\/v2\/posts\/80689","targetHints":{"allow":["GET"]}}],"collection":[{"href":"https:\/\/vinasfm.com\/noticias\/wp-json\/wp\/v2\/posts"}],"about":[{"href":"https:\/\/vinasfm.com\/noticias\/wp-json\/wp\/v2\/types\/post"}],"author":[{"embeddable":true,"href":"https:\/\/vinasfm.com\/noticias\/wp-json\/wp\/v2\/users\/7"}],"replies":[{"embeddable":true,"href":"https:\/\/vinasfm.com\/noticias\/wp-json\/wp\/v2\/comments?post=80689"}],"version-history":[{"count":1,"href":"https:\/\/vinasfm.com\/noticias\/wp-json\/wp\/v2\/posts\/80689\/revisions"}],"predecessor-version":[{"id":80691,"href":"https:\/\/vinasfm.com\/noticias\/wp-json\/wp\/v2\/posts\/80689\/revisions\/80691"}],"wp:featuredmedia":[{"embeddable":true,"href":"https:\/\/vinasfm.com\/noticias\/wp-json\/wp\/v2\/media\/80690"}],"wp:attachment":[{"href":"https:\/\/vinasfm.com\/noticias\/wp-json\/wp\/v2\/media?parent=80689"}],"wp:term":[{"taxonomy":"category","embeddable":true,"href":"https:\/\/vinasfm.com\/noticias\/wp-json\/wp\/v2\/categories?post=80689"},{"taxonomy":"post_tag","embeddable":true,"href":"https:\/\/vinasfm.com\/noticias\/wp-json\/wp\/v2\/tags?post=80689"}],"curies":[{"name":"wp","href":"https:\/\/api.w.org\/{rel}","templated":true}]}}