{"id":80620,"date":"2020-11-17T06:38:07","date_gmt":"2020-11-17T09:38:07","guid":{"rendered":"http:\/\/vinasfm.com\/noticias\/?p=80620"},"modified":"2020-11-18T09:13:53","modified_gmt":"2020-11-18T12:13:53","slug":"desactivaron-una-fiesta-clandestina-celebrada-por-mas-de-80-personas","status":"publish","type":"post","link":"https:\/\/vinasfm.com\/noticias\/desactivaron-una-fiesta-clandestina-celebrada-por-mas-de-80-personas\/","title":{"rendered":"DESACTIVARON UNA FIESTA CLANDESTINA CELEBRADA POR M\u00c1S DE 80 PERSONAS"},"content":{"rendered":"<h4><span style=\"color: #000000;\"><strong>En un domicilio de calle 5 un nutrido grupo de personas celebraba el cumplea\u00f1os de un joven de 18 a\u00f1os durante la madrugada de este domingo por lo que la polic\u00eda acudi\u00f3 a desactivar el evento clandestino.<\/strong><\/span><\/h4>\n<p><span style=\"color: #000000;\">Seg\u00fan reconstruyeron autoridades policiales a <strong>F.M. VI\u00d1AS<\/strong>, <strong>un llamado al CEO alert\u00f3 sobre el desarrollo de una fiesta clandestina en un domicilio particular de calle 5 y Chacabuco<\/strong>. Inmediatamente y, conforme a lo establecido por la legislaci\u00f3n vigente, <strong>se movilizaron hasta el lugar<\/strong>.<\/span><\/p>\n<p><span style=\"color: #000000;\">Al llegar corroboraron que <strong>los asistentes hab\u00edan provocado da\u00f1os en plantas de una vivienda colindante<\/strong> aunque el damnificado hab\u00eda &#8216;solucionado el inconveniente&#8217; con quienes hab\u00edan estacionado veh\u00edculos en su propiedad.<\/span><\/p>\n<p><span style=\"color: #000000;\">No obstante, <strong>los efectivos se apersonaron en la sede de la celebraci\u00f3n donde se observaban varios autom\u00f3viles estacionados<\/strong> sobre el callej\u00f3n de ingreso, <strong>y unas 80 personas aproximadamente en el interior. <\/strong>Al entrevistar a dos personas mayores, responsables, <strong>dieron cuenta que estaban celebrando un cumplea\u00f1os de 18 a\u00f1os<\/strong>.<\/span><\/p>\n<p><span style=\"color: #000000;\">En el lugar se constituy\u00f3 personal de <strong>Diversi\u00f3n Nocturna<\/strong>, quienes labraron <strong>Acta por infracci\u00f3n al Art. 17 de la Ley 8296 a los propietarios del lugar <\/strong>y\u00a0se identific\u00f3 a parte de los veh\u00edculos asistentes, <strong>labr\u00e1ndose las actuaciones policiales respectivas<\/strong>.<\/span><\/p>\n<h5><span style=\"color: #000000;\">\u2022F.B. (F.M. Vi\u00f1as).<\/span><\/h5>\n","protected":false},"excerpt":{"rendered":"<p>En un domicilio de calle 5 un nutrido grupo de personas celebraba el cumplea\u00f1os de un joven de 18 a\u00f1os durante &#8230;<\/p>\n","protected":false},"author":8,"featured_media":66502,"comment_status":"open","ping_status":"open","sticky":false,"template":"","format":"standard","meta":{"footnotes":""},"categories":[5,4],"tags":[],"class_list":["post-80620","post","type-post","status-publish","format-standard","has-post-thumbnail","hentry","category-actualidad","category-policiales"],"_links":{"self":[{"href":"https:\/\/vinasfm.com\/noticias\/wp-json\/wp\/v2\/posts\/80620","targetHints":{"allow":["GET"]}}],"collection":[{"href":"https:\/\/vinasfm.com\/noticias\/wp-json\/wp\/v2\/posts"}],"about":[{"href":"https:\/\/vinasfm.com\/noticias\/wp-json\/wp\/v2\/types\/post"}],"author":[{"embeddable":true,"href":"https:\/\/vinasfm.com\/noticias\/wp-json\/wp\/v2\/users\/8"}],"replies":[{"embeddable":true,"href":"https:\/\/vinasfm.com\/noticias\/wp-json\/wp\/v2\/comments?post=80620"}],"version-history":[{"count":9,"href":"https:\/\/vinasfm.com\/noticias\/wp-json\/wp\/v2\/posts\/80620\/revisions"}],"predecessor-version":[{"id":80676,"href":"https:\/\/vinasfm.com\/noticias\/wp-json\/wp\/v2\/posts\/80620\/revisions\/80676"}],"wp:featuredmedia":[{"embeddable":true,"href":"https:\/\/vinasfm.com\/noticias\/wp-json\/wp\/v2\/media\/66502"}],"wp:attachment":[{"href":"https:\/\/vinasfm.com\/noticias\/wp-json\/wp\/v2\/media?parent=80620"}],"wp:term":[{"taxonomy":"category","embeddable":true,"href":"https:\/\/vinasfm.com\/noticias\/wp-json\/wp\/v2\/categories?post=80620"},{"taxonomy":"post_tag","embeddable":true,"href":"https:\/\/vinasfm.com\/noticias\/wp-json\/wp\/v2\/tags?post=80620"}],"curies":[{"name":"wp","href":"https:\/\/api.w.org\/{rel}","templated":true}]}}