{"id":80595,"date":"2020-11-16T11:50:07","date_gmt":"2020-11-16T14:50:07","guid":{"rendered":"http:\/\/vinasfm.com\/noticias\/?p=80595"},"modified":"2020-11-17T12:20:05","modified_gmt":"2020-11-17T15:20:05","slug":"cecsalgal-avanza-en-las-obras-de-fibra-optica-para-internet","status":"publish","type":"post","link":"https:\/\/vinasfm.com\/noticias\/cecsalgal-avanza-en-las-obras-de-fibra-optica-para-internet\/","title":{"rendered":"CECSALGAL AVANZA EN LAS OBRAS DE FIBRA \u00d3PTICA PARA INTERNET"},"content":{"rendered":"<h4><span style=\"color: #000000;\"><strong>Desde Cecsagal se est\u00e1 cambiando el sistema de cableado por el de Fibra \u00f3ptica, una tecnolog\u00eda m\u00e1s avanzada que permite prestar un mejor servicio. En dialogo con F.M. Vi\u00f1as Gustavo Rubio, vicepresidente de la cooperativa se\u00f1al\u00f3 que \u201ces m\u00e1s seguro, m\u00e1s r\u00e1pido, m\u00e1s leal, hay menos cortes e intermitencia y el ancho de banda no tiene techo\u201d.<\/strong><\/span><\/h4>\n<p><span style=\"color: #000000;\">En el contexto actual, donde gran parte de las actividades se realizan a trav\u00e9s de internet y la conectividad se torna fundamental para el trabajo y estudio,<strong><em> \u201cnecesitamos una tecnolog\u00eda que est\u00e9 a la altura\u201d.<\/em><\/strong> \u201cLa cooperativa est\u00e1 invirtiendo justamente en esto\u201d, a\u00f1adi\u00f3.<\/span><\/p>\n<p><span style=\"color: #000000;\">La zona donde se trabaja es desde <strong>Av. Libertador Sur hacia el este, Diagonal Pellegrini, Granaderos y Albox. Luego se avanzar\u00e1 con la conexi\u00f3n en los B\u00b0 Giardina, Irrigaci\u00f3n, Cristo Rey, 1 de mayo.<\/strong><\/span><\/p>\n<p><span style=\"color: #000000;\">\u201c<em>Esta semana llegamos hasta Ill\u00eda y el otro lunes ya comenzamos la obra en todos los barrios. <strong>Si todo anda bien, a mitad de diciembre ya tendr\u00edamos toda esa zona cubierta<\/strong>\u201d<\/em>, indic\u00f3.<\/span><\/p>\n<p><span style=\"color: #000000;\">El tendido de la red troncal lo realiza una empresa contratada, mientras que las secundarias y conexiones al hogar lo hace personal de Cecsagal, <em>\u201cesta fusi\u00f3n nos permite acelerar los tiempos y terminar cuanto antes\u201d.<\/em><\/span><\/p>\n<p><span style=\"color: #000000;\">En una pr\u00f3xima etapa, prevista para<strong> mediados de diciembre, se continuar\u00e1 desde Av. Libertador Sur e Ill\u00eda, se cruzar\u00eda por calle San Juan hacia los barrios Alvear I, II, Bardaro y Guer\u00edn.<\/strong><\/span><\/p>\n<p><span style=\"color: #000000;\">Esta tecnolog\u00eda<strong> ya hab\u00eda sido implementada en el sector oeste de la Ciudad<\/strong>, para fin de a\u00f1o estiman \u201c<em>poder darle el servicio a casi el 70% de la poblaci\u00f3n en el radio urbano\u201d.<\/em><\/span><\/p>\n<p><span style=\"color: #000000;\">En cuanto a las tarifas de internet y la necesidad de recuperar la inversi\u00f3n realizada Rubio sostuvo que \u201c<strong>p<\/strong><em><strong>or el momento van a quedar como est\u00e1n, los excedentes que podamos tener los vamos a ir destinando a nuevas obras ya que la idea es no solo llegar al radio urbano de Alvear, sino tambi\u00e9n en los distritos<\/strong>\u201d<\/em>.<\/span><\/p>\n<p><span style=\"color: #000000;\"><em>\u201cEstamos buscando tener una conectividad que este a la altura y que tengamos las mismas oportunidades, nuestros estudiantes, trabajadores, empresarios de poder usar esta herramienta en las mismas condiciones que las grandes ciudades\u201d<\/em>, manifest\u00f3.<\/span><\/p>\n<p><span style=\"color: #000000;\">En cuanto a la capacidad para dar respuesta ante el aumento de las conexiones asegur\u00f3 que \u201c<em><strong>los equipos tienen la capacidad,<\/strong> y ya estamos en tratativas con distintos proveedores para aumentarla y poder atender a todos los nuevos usuarios\u201d<\/em>.<\/span><\/p>\n<p><span style=\"color: #000000;\">Por otra parte, el vicepresidente de la cooperativa explic\u00f3 que <strong>actualmente se trabaja con tres proveedores de internet, \u201c<em>hay veces que el servicio est\u00e1 lento porque se nos corta un proveedor y lo damos con los otros dos. No es por un problema nuestro\u201d<\/em><\/strong><em>.<\/em><\/span><\/p>\n<h5><span style=\"color: #000000;\"><strong><em>A.C.<\/em><\/strong><\/span><\/h5>\n","protected":false},"excerpt":{"rendered":"<p>Desde Cecsagal se est\u00e1 cambiando el sistema de cableado por el de Fibra \u00f3ptica, una tecnolog\u00eda m\u00e1s avanzada que permite prestar &#8230;<\/p>\n","protected":false},"author":7,"featured_media":66831,"comment_status":"open","ping_status":"open","sticky":false,"template":"","format":"standard","meta":{"footnotes":""},"categories":[5,60],"tags":[],"class_list":["post-80595","post","type-post","status-publish","format-standard","has-post-thumbnail","hentry","category-actualidad","category-cecsagal"],"_links":{"self":[{"href":"https:\/\/vinasfm.com\/noticias\/wp-json\/wp\/v2\/posts\/80595","targetHints":{"allow":["GET"]}}],"collection":[{"href":"https:\/\/vinasfm.com\/noticias\/wp-json\/wp\/v2\/posts"}],"about":[{"href":"https:\/\/vinasfm.com\/noticias\/wp-json\/wp\/v2\/types\/post"}],"author":[{"embeddable":true,"href":"https:\/\/vinasfm.com\/noticias\/wp-json\/wp\/v2\/users\/7"}],"replies":[{"embeddable":true,"href":"https:\/\/vinasfm.com\/noticias\/wp-json\/wp\/v2\/comments?post=80595"}],"version-history":[{"count":3,"href":"https:\/\/vinasfm.com\/noticias\/wp-json\/wp\/v2\/posts\/80595\/revisions"}],"predecessor-version":[{"id":80606,"href":"https:\/\/vinasfm.com\/noticias\/wp-json\/wp\/v2\/posts\/80595\/revisions\/80606"}],"wp:featuredmedia":[{"embeddable":true,"href":"https:\/\/vinasfm.com\/noticias\/wp-json\/wp\/v2\/media\/66831"}],"wp:attachment":[{"href":"https:\/\/vinasfm.com\/noticias\/wp-json\/wp\/v2\/media?parent=80595"}],"wp:term":[{"taxonomy":"category","embeddable":true,"href":"https:\/\/vinasfm.com\/noticias\/wp-json\/wp\/v2\/categories?post=80595"},{"taxonomy":"post_tag","embeddable":true,"href":"https:\/\/vinasfm.com\/noticias\/wp-json\/wp\/v2\/tags?post=80595"}],"curies":[{"name":"wp","href":"https:\/\/api.w.org\/{rel}","templated":true}]}}