{"id":80491,"date":"2020-11-13T09:42:54","date_gmt":"2020-11-13T12:42:54","guid":{"rendered":"http:\/\/vinasfm.com\/noticias\/?p=80491"},"modified":"2020-11-16T10:13:47","modified_gmt":"2020-11-16T13:13:47","slug":"la-diputada-maricel-arriaga-critico-duramente-a-la-oposicion-por-el-no-acompanamiento-en-el-presupuesto","status":"publish","type":"post","link":"https:\/\/vinasfm.com\/noticias\/la-diputada-maricel-arriaga-critico-duramente-a-la-oposicion-por-el-no-acompanamiento-en-el-presupuesto\/","title":{"rendered":"LA DIPUTADA MARICEL ARRIAGA CRITIC\u00d3 DURAMENTE A LA OPOSICI\u00d3N POR EL NO ACOMPA\u00d1AMIENTO EN EL PRESUPUESTO"},"content":{"rendered":"<h4><span style=\"color: #000000;\"><strong>La C\u00e1mara de Diputados le dio media sanci\u00f3n al Presupuesto 2021, pero lo hizo\u00a0sin el roll over ni la autorizaci\u00f3n para tomar deuda\u00a0ya que el peronismo se opuso. En dialogo con F.M. Vi\u00f1as la diputada Maricel Arriaga (UCR), manifest\u00f3 \u201c<em>el presupuesto es la ley m\u00e1s importante que tiene la provincia para ser tratada\u201d.<\/em><\/strong><\/span><\/h4>\n<p><span style=\"color: #000000;\">Sobre la sesi\u00f3n del mi\u00e9rcoles Arriaga sostuvo que \u201c<em>se buscaron todos los consensos necesarios para poder llegar a un arreglo y pudiera salir con la responsabilidad que requiere\u201d<\/em>, al tratarse de \u201c<em>temas tan importantes para los mendocinos\u201d.<\/em><\/span><\/p>\n<p><span style=\"color: #000000;\">En el aire de<strong> F.M. Vi\u00f1as<\/strong>, el <a href=\"http:\/\/vinasfm.com\/noticias\/majstruk-cristalizo-la-postura-del-justicialismo-en-torno-al-presupuesto-provincial-2021\/\">Diputado Gustavo Majstruk cristaliz\u00f3 la postura del Partido Justicialista<\/a>.<\/span><\/p>\n<p><span style=\"color: #000000;\"><strong><em>\u201cEl resultado no fue el deseado, sino que tambi\u00e9n fue vergonzoso por parte de la oposici\u00f3n\u201d,<\/em><\/strong> al pedir m\u00e1s tiempo <strong><em>\u201c<\/em><\/strong><em>parec\u00eda que hubieran ido sin leer el presupuesto, pese a haber sido tratando durante m\u00e1s de 45 d\u00edas, donde cada uno de los ministros fue exponiendo el presupuesto para cada \u00e1rea<\/em><strong><em>\u201d,<\/em><\/strong> se\u00f1al\u00f3.<\/span><\/p>\n<p><span style=\"color: #000000;\">La legisladora asegur\u00f3 \u201c<strong><em>en estos 45 d\u00edas no hubo una propuesta seria y formal en el recinto\u201d<\/em><\/strong>, en referencia a la oposici\u00f3n. <em>\u201cSimplemente <strong>se dedicaron en las redes sociales y medios de comunicaci\u00f3n a salir con que ten\u00edan otra propuesta porque no estaban de acuerdo con lo que hab\u00eda mandado el ejecutivo\u201d<\/strong><\/em>.<\/span><\/p>\n<p><span style=\"color: #000000;\">\u201c<strong><em>Fue un circo medi\u00e1tico que da mucha pena porque los mendocinos en estas circunstancias necesitamos este tipo de herramientas\u201d,<\/em><\/strong> sostuvo.<\/span><\/p>\n<p><span style=\"color: #000000;\">Vale aclarar que el <strong>presupuesto fue aprobado con mayor\u00eda simple. En algunos art\u00edculos que necesitaban de una mayor\u00eda especial con 2\/3 el bloque de la oposici\u00f3n no acompa\u00f1o.<\/strong><\/span><\/p>\n<p><span style=\"color: #000000;\">Estos puntos tienen que ver con \u201c<em><strong>un plan de financiamiento de US$350 millones<\/strong>, que abarcaban un plan de obras para toda Mendoza, que previamente hab\u00edan sido consensadas entre el gobernador y cada uno de los intendentes\u201d.<\/em><\/span><\/p>\n<p><span style=\"color: #000000;\"><strong>La obra prevista para General Alvear era la construcci\u00f3n del Palacio Judicial,<\/strong> que repercutir\u00eda en un mejor servicio en el \u00e1mbito de la justicia <em>\u201cy tambi\u00e9n contribu\u00edamos a dejar de hacer tantos alquileres, a tener cada uno de los entes de manera alejada\u201d<\/em> expres\u00f3.<\/span><\/p>\n<p><span style=\"color: #000000;\">El PJ por su parte argumenta que pidi\u00f3 que se trate obra por obra de forma diferenciada, en este sentido la diputada indic\u00f3 \u201c<strong><em>lo que el gobernador mand\u00f3 fue un plan de obra de inversi\u00f3n que involucraba un monto de US$350 millones, lo que el PJ quer\u00eda era solamente aprobar US$80 millones en los cuales ellos establec\u00edan cual era la prioridad de obras\u201d.<\/em><\/strong><\/span><\/p>\n<p><span style=\"color: #000000;\"><em><strong>\u201cEn estas obras el PJ solo estaba beneficiando a los departamentos en los que gobernaba<\/strong><\/em>\u201d, sostuvo.<\/span><\/p>\n<p><span style=\"color: #000000;\"><em>\u201cQuien tiene la responsabilidad de crear un presupuesto es el ejecutivo que gobierna, <strong>si quieren realmente poder establecer este camino tienen que ganar las elecciones<\/strong>. Hoy tienen que acompa\u00f1ar como una oposici\u00f3n responsable\u201d<\/em>.<\/span><\/p>\n<p><span style=\"color: #000000;\">En una dura cr\u00edtica complet\u00f3 que en las obras \u201cprioritarias\u201d para la oposici\u00f3n, \u201c<strong><em>Alvear no aparec\u00eda. Tampoco tenemos representantes dentro del PJ que estuvieran peleando por nuestras obras\u201d.<\/em><\/strong><\/span><\/p>\n<h5><span style=\"color: #000000;\"><strong><em>A.C.<\/em><\/strong><\/span><\/h5>\n","protected":false},"excerpt":{"rendered":"<p>La C\u00e1mara de Diputados le dio media sanci\u00f3n al Presupuesto 2021, pero lo hizo\u00a0sin el roll over ni la autorizaci\u00f3n para &#8230;<\/p>\n","protected":false},"author":7,"featured_media":80435,"comment_status":"open","ping_status":"open","sticky":false,"template":"","format":"standard","meta":{"footnotes":""},"categories":[5,43,7],"tags":[],"class_list":["post-80491","post","type-post","status-publish","format-standard","has-post-thumbnail","hentry","category-actualidad","category-legislatura","category-politica"],"_links":{"self":[{"href":"https:\/\/vinasfm.com\/noticias\/wp-json\/wp\/v2\/posts\/80491","targetHints":{"allow":["GET"]}}],"collection":[{"href":"https:\/\/vinasfm.com\/noticias\/wp-json\/wp\/v2\/posts"}],"about":[{"href":"https:\/\/vinasfm.com\/noticias\/wp-json\/wp\/v2\/types\/post"}],"author":[{"embeddable":true,"href":"https:\/\/vinasfm.com\/noticias\/wp-json\/wp\/v2\/users\/7"}],"replies":[{"embeddable":true,"href":"https:\/\/vinasfm.com\/noticias\/wp-json\/wp\/v2\/comments?post=80491"}],"version-history":[{"count":4,"href":"https:\/\/vinasfm.com\/noticias\/wp-json\/wp\/v2\/posts\/80491\/revisions"}],"predecessor-version":[{"id":80504,"href":"https:\/\/vinasfm.com\/noticias\/wp-json\/wp\/v2\/posts\/80491\/revisions\/80504"}],"wp:featuredmedia":[{"embeddable":true,"href":"https:\/\/vinasfm.com\/noticias\/wp-json\/wp\/v2\/media\/80435"}],"wp:attachment":[{"href":"https:\/\/vinasfm.com\/noticias\/wp-json\/wp\/v2\/media?parent=80491"}],"wp:term":[{"taxonomy":"category","embeddable":true,"href":"https:\/\/vinasfm.com\/noticias\/wp-json\/wp\/v2\/categories?post=80491"},{"taxonomy":"post_tag","embeddable":true,"href":"https:\/\/vinasfm.com\/noticias\/wp-json\/wp\/v2\/tags?post=80491"}],"curies":[{"name":"wp","href":"https:\/\/api.w.org\/{rel}","templated":true}]}}