{"id":80476,"date":"2020-11-13T09:30:49","date_gmt":"2020-11-13T12:30:49","guid":{"rendered":"http:\/\/vinasfm.com\/noticias\/?p=80476"},"modified":"2020-11-14T10:48:01","modified_gmt":"2020-11-14T13:48:01","slug":"12-11-el-hospital-reporto-33-nuevos-contagios-y-14-recuperados","status":"publish","type":"post","link":"https:\/\/vinasfm.com\/noticias\/12-11-el-hospital-reporto-33-nuevos-contagios-y-14-recuperados\/","title":{"rendered":"12\/11: EL HOSPITAL REPORT\u00d3 33 NUEVOS CONTAGIOS Y 14 RECUPERADOS"},"content":{"rendered":"<h5><span style=\"color: #000000;\"><strong>De acuerdo al informe suministrado por el Laboratorio Covid Regi\u00f3n Sur, Alvear registr\u00f3 33 nuevos casos positivos de Covid-19 en las \u00faltimas 24 horas, lapso en el que se confirm\u00f3 la recuperaci\u00f3n de 14 pacientes.<\/strong><\/span><\/h5>\n<p><span style=\"color: #000000;\">Al momento, el total de casos acumulados en el Hospital\u00a0<em>Enfermeros Argentinos\u00a0<\/em>es de\u00a0<strong>1252 <\/strong><strong>(519 <\/strong><strong>casos\u00a0<\/strong><strong>activos, 708 <\/strong><strong>casos recuperados, 25<\/strong>\u00a0<strong>fallecimientos<\/strong>).<\/span><\/p>\n<h4 style=\"text-align: center;\"><span style=\"color: #000000;\"><strong>INFORME REGI\u00d3N SUR<\/strong><\/span><\/h4>\n<p><span style=\"color: #000000;\">Este\u00a0<strong>jueves<\/strong>, los tres departamentos del sur mendocino sumaron\u00a0<strong>99<\/strong>\u00a0<strong>nuevos casos de Covid-19 de los cuales<\/strong>\u00a0<strong>32 se confirmaron a trav\u00e9s de <\/strong><strong>muestras<\/strong>\u00a0de\u00a0<strong>PCR,\u00a0<\/strong><strong>53 resultaron <\/strong><strong>negativas y 8 quedaron en proceso de investigaci\u00f3n.<\/strong><\/span><\/p>\n<ul>\n<li><span style=\"color: #000000;\"><strong>GENERAL ALVEAR: 33 (17 por PCR, 6 por test ant\u00edgeno y 10 por criterio cl\u00ednico epidemiol\u00f3gico).<\/strong><\/span><\/li>\n<\/ul>\n<ul>\n<li><span style=\"color: #000000;\"><strong>SAN RAFAEL: 58 (12 por PCR y 46 por test ant\u00edgeno).<\/strong><\/span><\/li>\n<li><span style=\"color: #000000;\"><strong>MALARG\u00dcE: 8 (3 por PCR y 5 por test ant\u00edgeno).<\/strong><\/span><\/li>\n<\/ul>\n<p><span style=\"color: #000000;\"><strong>Con estas cifras, San Rafael, Malarg\u00fce y General Alvear cuentan con 5395 casos positivos confirmados de los cuales 2801 se han recuperado y 101 han perdido la vida por Covid-19.<\/strong><\/span><\/p>\n<h5><span style=\"color: #000000;\">\u2022F.B. (Redacci\u00f3n F.M. Vi\u00f1as).<\/span><\/h5>\n","protected":false},"excerpt":{"rendered":"<p>De acuerdo al informe suministrado por el Laboratorio Covid Regi\u00f3n Sur, Alvear registr\u00f3 33 nuevos casos positivos de Covid-19 en las &#8230;<\/p>\n","protected":false},"author":8,"featured_media":37045,"comment_status":"open","ping_status":"open","sticky":false,"template":"","format":"standard","meta":{"footnotes":""},"categories":[5,62],"tags":[],"class_list":["post-80476","post","type-post","status-publish","format-standard","has-post-thumbnail","hentry","category-actualidad","category-coronavirus"],"_links":{"self":[{"href":"https:\/\/vinasfm.com\/noticias\/wp-json\/wp\/v2\/posts\/80476","targetHints":{"allow":["GET"]}}],"collection":[{"href":"https:\/\/vinasfm.com\/noticias\/wp-json\/wp\/v2\/posts"}],"about":[{"href":"https:\/\/vinasfm.com\/noticias\/wp-json\/wp\/v2\/types\/post"}],"author":[{"embeddable":true,"href":"https:\/\/vinasfm.com\/noticias\/wp-json\/wp\/v2\/users\/8"}],"replies":[{"embeddable":true,"href":"https:\/\/vinasfm.com\/noticias\/wp-json\/wp\/v2\/comments?post=80476"}],"version-history":[{"count":3,"href":"https:\/\/vinasfm.com\/noticias\/wp-json\/wp\/v2\/posts\/80476\/revisions"}],"predecessor-version":[{"id":80481,"href":"https:\/\/vinasfm.com\/noticias\/wp-json\/wp\/v2\/posts\/80476\/revisions\/80481"}],"wp:featuredmedia":[{"embeddable":true,"href":"https:\/\/vinasfm.com\/noticias\/wp-json\/wp\/v2\/media\/37045"}],"wp:attachment":[{"href":"https:\/\/vinasfm.com\/noticias\/wp-json\/wp\/v2\/media?parent=80476"}],"wp:term":[{"taxonomy":"category","embeddable":true,"href":"https:\/\/vinasfm.com\/noticias\/wp-json\/wp\/v2\/categories?post=80476"},{"taxonomy":"post_tag","embeddable":true,"href":"https:\/\/vinasfm.com\/noticias\/wp-json\/wp\/v2\/tags?post=80476"}],"curies":[{"name":"wp","href":"https:\/\/api.w.org\/{rel}","templated":true}]}}