{"id":80460,"date":"2020-11-13T09:50:17","date_gmt":"2020-11-13T12:50:17","guid":{"rendered":"http:\/\/vinasfm.com\/noticias\/?p=80460"},"modified":"2020-11-13T12:35:25","modified_gmt":"2020-11-13T15:35:25","slug":"el-importante-paso-que-dara-angelo-zancan-en-su-carrera-deportiva","status":"publish","type":"post","link":"https:\/\/vinasfm.com\/noticias\/el-importante-paso-que-dara-angelo-zancan-en-su-carrera-deportiva\/","title":{"rendered":"EL IMPORTANTE PASO QUE DAR\u00c1 ANGELO ZANCAN EN SU CARRERA DEPORTIVA"},"content":{"rendered":"<h4><span style=\"color: #000000;\"><strong>El deportista alvearense Angelo Zancan dar\u00e1 un trascendente paso en su carrera deportiva. En el mes de enero se sumar\u00e1 al Kross Racing Team Espa\u00f1a, un destacado equipo de mountain bike a nivel mundial, en el que competir\u00e1 gran parte de la temporada.<\/strong><\/span><\/h4>\n<div id=\"attachment_80462\" style=\"width: 300px\" class=\"wp-caption alignleft\"><a style=\"color: #000000;\" href=\"http:\/\/vinasfm.com\/noticias\/wp-content\/uploads\/2020\/11\/Escuela-Mountain-Bike-3-scaled.jpg\"><img loading=\"lazy\" decoding=\"async\" aria-describedby=\"caption-attachment-80462\" class=\"wp-image-80462 size-medium\" src=\"http:\/\/vinasfm.com\/noticias\/wp-content\/uploads\/2020\/11\/Escuela-Mountain-Bike-3-300x200.jpg\" alt=\"\" width=\"300\" height=\"200\" srcset=\"https:\/\/vinasfm.com\/noticias\/wp-content\/uploads\/2020\/11\/Escuela-Mountain-Bike-3-300x200.jpg 300w, https:\/\/vinasfm.com\/noticias\/wp-content\/uploads\/2020\/11\/Escuela-Mountain-Bike-3-1024x683.jpg 1024w, https:\/\/vinasfm.com\/noticias\/wp-content\/uploads\/2020\/11\/Escuela-Mountain-Bike-3-768x512.jpg 768w, https:\/\/vinasfm.com\/noticias\/wp-content\/uploads\/2020\/11\/Escuela-Mountain-Bike-3-1536x1024.jpg 1536w, https:\/\/vinasfm.com\/noticias\/wp-content\/uploads\/2020\/11\/Escuela-Mountain-Bike-3-2048x1365.jpg 2048w\" sizes=\"auto, (max-width: 300px) 100vw, 300px\" \/><\/a><p id=\"caption-attachment-80462\" class=\"wp-caption-text\"><span style=\"color: #000000;\">Angelo Zancan.<\/span><\/p><\/div>\n<p>&nbsp;<\/p>\n<div><\/div>\n<div><span style=\"color: #000000;\">El <strong>Kross Racing Team<\/strong> es un equipo ciclista profesional del fabricante polaco de bicicletas <strong>KROSS<\/strong>. Sus representantes han competido en circuitos internacionales durante los \u00faltimos 15 a\u00f1os.<\/span><\/div>\n<div><\/div>\n<div><span style=\"color: #000000;\">El <strong>5 de enero<\/strong>, <strong>Angelo partir\u00e1 desde Ezeiza hacia Madrid<\/strong> y desde all\u00ed viajar\u00e1 a <strong>Alicante<\/strong> donde lo esperar\u00e1 su entrenador, Juan Fran Andreu, junto al equipo. <\/span><\/div>\n<div><\/div>\n<div><span style=\"color: #000000;\">Para febrero ya tiene una competencia internacional en la <strong>Junior Series de Banyoles<\/strong>, en Espa\u00f1a. Luego viajar\u00eda a los <strong>Panamericanos de Puerto Rico <\/strong>en marzo para llegar de la mejor manera posible a su principal objetivo: <strong>el Campeonato del Mundo de bicicleta de monta\u00f1a 2021<\/strong>, que se disputar\u00e1 en Italia del 24 al 29 de agosto, en la estaci\u00f3n de <strong>Val Di Sole<\/strong>.<\/span><\/div>\n<div><\/div>\n<div><span style=\"color: #000000;\">&#8216;<strong><em>El \u00faltimo a\u00f1o de cadetes fue muy positivo. Sal\u00ed campe\u00f3n argentino XCO, campe\u00f3n argentino XCM altas cumbres, entre otras competencias. Esto fue lo que seguramente llam\u00f3 la atenci\u00f3n de la gente de Europa, que est\u00e1 viendo futuras promesas<\/em><\/strong>&#8216;, manifest\u00f3 <strong>Zancan<\/strong> a <strong>F.M. Vi\u00f1as<\/strong> en medio de la apertura de la Escuela de MTB.<\/span><\/div>\n<div><\/div>\n<div><span style=\"color: #000000;\">Hasta el momento, el deportista asegur\u00f3 que ha estado trabajando &#8216;<strong><em>muy fuerte en la parte de gimnasio y probando la evoluci\u00f3n real llevada a la bici, mediante los test y un medidor de potencia ciclismo, mi rutina de entrenamientos va cambiando a medida que vamos avanzando y que se va aclarando el calendario<\/em><\/strong>&#8216;.\u00a0<\/span><\/div>\n<div><\/div>\n<div><span style=\"color: #000000;\">&#8216;<strong><em>Mi primer gran paso era instalarme en Europa, cosa nada f\u00e1cil. Es importante adaptarme r\u00e1pidamente para lograr llegar bien competitivo al mundial de juveniles a realizarse en Italia, y si este tema del Covid lo permite, ser\u00eda en agosto del a\u00f1o entrante. Esto es lo que venimos buscado desde siempre y se dio antes de lo que esper\u00e1bamos. As\u00ed es que voy a representar a Mendoza y Argentina lo mejor posible<\/em><\/strong>&#8216;, concluy\u00f3 Angelo.<\/span><\/div>\n<h5><span style=\"color: #000000;\">\u2022F.B. (F.M. Vi\u00f1as).<\/span><\/h5>\n","protected":false},"excerpt":{"rendered":"<p>El deportista alvearense Angelo Zancan dar\u00e1 un trascendente paso en su carrera deportiva. En el mes de enero se sumar\u00e1 al &#8230;<\/p>\n","protected":false},"author":8,"featured_media":80461,"comment_status":"open","ping_status":"open","sticky":false,"template":"","format":"standard","meta":{"footnotes":""},"categories":[5,3],"tags":[],"class_list":["post-80460","post","type-post","status-publish","format-standard","has-post-thumbnail","hentry","category-actualidad","category-deportes"],"_links":{"self":[{"href":"https:\/\/vinasfm.com\/noticias\/wp-json\/wp\/v2\/posts\/80460","targetHints":{"allow":["GET"]}}],"collection":[{"href":"https:\/\/vinasfm.com\/noticias\/wp-json\/wp\/v2\/posts"}],"about":[{"href":"https:\/\/vinasfm.com\/noticias\/wp-json\/wp\/v2\/types\/post"}],"author":[{"embeddable":true,"href":"https:\/\/vinasfm.com\/noticias\/wp-json\/wp\/v2\/users\/8"}],"replies":[{"embeddable":true,"href":"https:\/\/vinasfm.com\/noticias\/wp-json\/wp\/v2\/comments?post=80460"}],"version-history":[{"count":2,"href":"https:\/\/vinasfm.com\/noticias\/wp-json\/wp\/v2\/posts\/80460\/revisions"}],"predecessor-version":[{"id":80465,"href":"https:\/\/vinasfm.com\/noticias\/wp-json\/wp\/v2\/posts\/80460\/revisions\/80465"}],"wp:featuredmedia":[{"embeddable":true,"href":"https:\/\/vinasfm.com\/noticias\/wp-json\/wp\/v2\/media\/80461"}],"wp:attachment":[{"href":"https:\/\/vinasfm.com\/noticias\/wp-json\/wp\/v2\/media?parent=80460"}],"wp:term":[{"taxonomy":"category","embeddable":true,"href":"https:\/\/vinasfm.com\/noticias\/wp-json\/wp\/v2\/categories?post=80460"},{"taxonomy":"post_tag","embeddable":true,"href":"https:\/\/vinasfm.com\/noticias\/wp-json\/wp\/v2\/tags?post=80460"}],"curies":[{"name":"wp","href":"https:\/\/api.w.org\/{rel}","templated":true}]}}