{"id":80453,"date":"2020-11-13T06:10:49","date_gmt":"2020-11-13T09:10:49","guid":{"rendered":"http:\/\/vinasfm.com\/noticias\/?p=80453"},"modified":"2020-11-16T08:34:52","modified_gmt":"2020-11-16T11:34:52","slug":"reinicio-sus-practicas-la-escuela-municipal-de-mountain-bike","status":"publish","type":"post","link":"https:\/\/vinasfm.com\/noticias\/reinicio-sus-practicas-la-escuela-municipal-de-mountain-bike\/","title":{"rendered":"REINICI\u00d3 SUS PR\u00c1CTICAS LA ESCUELA MUNICIPAL DE MOUNTAIN BIKE"},"content":{"rendered":"<h4><span style=\"color: #000000;\"><strong>Este jueves se dio inicio a la primera clase de la Escuela Municipal de Mountain Bike (MTB) ubicada en el Polideportivo Deportistas Alvearenses.<\/strong><\/span><\/h4>\n<div id=\"attachment_80457\" style=\"width: 300px\" class=\"wp-caption alignleft\"><a href=\"http:\/\/vinasfm.com\/noticias\/wp-content\/uploads\/2020\/11\/IMG_20201112_181752.jpg\"><img loading=\"lazy\" decoding=\"async\" aria-describedby=\"caption-attachment-80457\" class=\"wp-image-80457 size-medium\" src=\"http:\/\/vinasfm.com\/noticias\/wp-content\/uploads\/2020\/11\/IMG_20201112_181752-300x196.jpg\" alt=\"\" width=\"300\" height=\"196\" srcset=\"https:\/\/vinasfm.com\/noticias\/wp-content\/uploads\/2020\/11\/IMG_20201112_181752-300x196.jpg 300w, https:\/\/vinasfm.com\/noticias\/wp-content\/uploads\/2020\/11\/IMG_20201112_181752.jpg 585w\" sizes=\"auto, (max-width: 300px) 100vw, 300px\" \/><\/a><p id=\"caption-attachment-80457\" class=\"wp-caption-text\">Roberto Sim\u00f3n, Asesor de Actividades Deportivas.<\/p><\/div>\n<div><\/div>\n<div><span style=\"color: #000000;\">La clase de MTB comenz\u00f3 a trabajar <strong>de 9 a 11h<\/strong>: &#8216;<strong><em>Los interesados en participar en la Escuela de MTB deben dirigirse al polideportivo donde se les pasar\u00e1 un link para una inscripci\u00f3n online.\u00a0 Los grupos con los que estamos trabajando es de 4 a 7 a\u00f1os, tambi\u00e9n tenemos grupos de 8 a 9\u00a0 con la idea de seguir sumando chicos hasta lo que nos permite el protocolo que son 10 como m\u00e1ximo, tenemos una pista de 1km as\u00ed que queremos aprovecharla&#8217;<\/em><\/strong>, explic\u00f3 a<strong> F.M. Vi\u00f1as<\/strong>\u00a0el <strong>Coordinador Jorge P\u00e1ez<\/strong>.\u00a0<\/span><\/div>\n<div><\/div>\n<div><\/div>\n<div><span style=\"color: #000000;\">En la misma linea se refiri\u00f3 a las actividades en <strong>Bowen<\/strong> donde &#8216;<strong><em>tambi\u00e9n se est\u00e1 trabajando igual que en el Polideportivo, tambi\u00e9n con un circuito muy bien preparado y en San Pedro del Atuel es lo mismo, la idea es que cuando el protocolo nos permita podamos hacer encuentros&#8217;<\/em><\/strong>.<\/span><\/div>\n<div><\/div>\n<div><\/div>\n<div><span style=\"color: #000000;\">Por su parte, el <strong>Coordinador de Actividades Deportivas Roberto Sim\u00f3n\u00a0<\/strong>asever\u00f3: &#8216;<strong><em>Se van a retomar las Escuelas Deportivas, ya volvimos con la pista de ciclismo, la pr\u00f3xima semana comenzar\u00e1 el V\u00f3ley, Handball, entrenamientos de Hockey, b\u00e1squet, hemos tenido mucha demanda de parte de los equipos que quieren volver a los <\/em><em>entrenamiento&#8217;<\/em>, <\/strong>tarea que demandar\u00e1 la habilitaci\u00f3n d<em>el <\/em>play\u00f3n externo.<\/span><\/div>\n<div><\/div>\n<div><span style=\"color: #000000;\"><strong><em>&#8216;Estamos terminando con los formularios para las inscripciones,\u00a0 con los protocolos debidos y los horarios, todo lo que hay que respetar para poder entrenar y cuidarnos&#8217;<\/em><\/strong>, concluy\u00f3 Sim\u00f3n.<\/span><\/div>\n<h5><span style=\"color: #000000;\">\u2022Fernando Burett (F.M. Vi\u00f1as).<\/span><\/h5>\n","protected":false},"excerpt":{"rendered":"<p>Este jueves se dio inicio a la primera clase de la Escuela Municipal de Mountain Bike (MTB) ubicada en el Polideportivo &#8230;<\/p>\n","protected":false},"author":8,"featured_media":80454,"comment_status":"open","ping_status":"open","sticky":false,"template":"","format":"standard","meta":{"footnotes":""},"categories":[5,3],"tags":[],"class_list":["post-80453","post","type-post","status-publish","format-standard","has-post-thumbnail","hentry","category-actualidad","category-deportes"],"_links":{"self":[{"href":"https:\/\/vinasfm.com\/noticias\/wp-json\/wp\/v2\/posts\/80453","targetHints":{"allow":["GET"]}}],"collection":[{"href":"https:\/\/vinasfm.com\/noticias\/wp-json\/wp\/v2\/posts"}],"about":[{"href":"https:\/\/vinasfm.com\/noticias\/wp-json\/wp\/v2\/types\/post"}],"author":[{"embeddable":true,"href":"https:\/\/vinasfm.com\/noticias\/wp-json\/wp\/v2\/users\/8"}],"replies":[{"embeddable":true,"href":"https:\/\/vinasfm.com\/noticias\/wp-json\/wp\/v2\/comments?post=80453"}],"version-history":[{"count":4,"href":"https:\/\/vinasfm.com\/noticias\/wp-json\/wp\/v2\/posts\/80453\/revisions"}],"predecessor-version":[{"id":80459,"href":"https:\/\/vinasfm.com\/noticias\/wp-json\/wp\/v2\/posts\/80453\/revisions\/80459"}],"wp:featuredmedia":[{"embeddable":true,"href":"https:\/\/vinasfm.com\/noticias\/wp-json\/wp\/v2\/media\/80454"}],"wp:attachment":[{"href":"https:\/\/vinasfm.com\/noticias\/wp-json\/wp\/v2\/media?parent=80453"}],"wp:term":[{"taxonomy":"category","embeddable":true,"href":"https:\/\/vinasfm.com\/noticias\/wp-json\/wp\/v2\/categories?post=80453"},{"taxonomy":"post_tag","embeddable":true,"href":"https:\/\/vinasfm.com\/noticias\/wp-json\/wp\/v2\/tags?post=80453"}],"curies":[{"name":"wp","href":"https:\/\/api.w.org\/{rel}","templated":true}]}}