{"id":80043,"date":"2020-11-05T08:02:27","date_gmt":"2020-11-05T11:02:27","guid":{"rendered":"http:\/\/vinasfm.com\/noticias\/?p=80043"},"modified":"2020-11-06T10:29:24","modified_gmt":"2020-11-06T13:29:24","slug":"4-11-alvear-reporto-40-nuevos-contagios-de-covid-19-y-64-recuperados","status":"publish","type":"post","link":"https:\/\/vinasfm.com\/noticias\/4-11-alvear-reporto-40-nuevos-contagios-de-covid-19-y-64-recuperados\/","title":{"rendered":"4\/11: ALVEAR REPORT\u00d3 40 NUEVOS CONTAGIOS DE COVID-19 Y 64 RECUPERADOS"},"content":{"rendered":"<h5><span style=\"color: #000000;\"><strong>De acuerdo al informe suministrado por el Laboratorio Covid Regi\u00f3n Sur, Alvear registr\u00f3 40 nuevos casos positivos de Covid-19 en las \u00faltimas 24 horas, lapso en el que se confirm\u00f3 la recuperaci\u00f3n de 64 pacientes.<\/strong><\/span><\/h5>\n<p><span style=\"color: #000000;\">Al momento, el total de casos acumulados en el Hospital Enfermeros Argentinos<i>\u00a0<\/i>es de <strong>1040<\/strong>\u00a0<strong>(430 <\/strong><strong>casos\u00a0<\/strong><strong>activos, 588 <\/strong><strong>casos recuperados, 22\u00a0<\/strong><strong>fallecimientos).<\/strong><\/span><\/p>\n<h4 style=\"text-align: center;\"><span style=\"color: #000000;\"><strong>INFORME REGI\u00d3N SUR<\/strong><\/span><\/h4>\n<p><span style=\"color: #000000;\">Este\u00a0<strong>mi\u00e9rcoles<\/strong>, de los tres departamentos del sur mendocino, se analizaron\u00a0<strong>261 <\/strong><strong>muestras<\/strong>\u00a0de\u00a0<strong>PCR<\/strong>\u00a0de las cuales\u00a0<strong>105 arrojaron resultado positivo<\/strong>,\u00a0<strong>140 <\/strong><strong>negativas y 16 quedaron en proceso de investigaci\u00f3n.<\/strong><\/span><\/p>\n<ul>\n<li><span style=\"color: #000000;\"><strong>GENERAL ALVEAR: 40 (27 por PCR, 6 por test ant\u00edgeno y 7 por criterio cl\u00ednico epidemiol\u00f3gico).<\/strong><\/span><\/li>\n<\/ul>\n<ul>\n<li><span style=\"color: #000000;\"><strong>SAN RAFAEL: 120 (56 por PCR, 60 por test ant\u00edgeno y 4 por criterio cl\u00ednico epidemiol\u00f3gico).<\/strong><\/span><\/li>\n<li><span style=\"color: #000000;\"><strong>MALARG\u00dcE: 22, todos por PCR.<\/strong><\/span><\/li>\n<\/ul>\n<p><span style=\"color: #000000;\"><strong>Con estas cifras, San Rafael, Malarg\u00fce y General Alvear cuentan con 4530 casos positivos confirmados de los cuales 2139 se han recuperado y 80 han perdido la vida por Covid-19.<\/strong><\/span><\/p>\n<p><span style=\"color: #000000;\">De los\u00a0<strong>2139 <\/strong>pacientes<strong>\u00a0recuperados desde el comienzo de la pandemia<\/strong>\u00a0en el Sur de Mendoza son:<\/span><\/p>\n<ul>\n<li><span style=\"color: #000000;\"><strong>De<\/strong>\u00a0<strong>San Rafael: 1481 <\/strong><strong>pacientes.<\/strong><\/span><\/li>\n<li><span style=\"color: #000000;\"><strong>D<\/strong><strong>e General Alvear: 588 pacientes.<\/strong><\/span><\/li>\n<li><span style=\"color: #000000;\"><strong>De Malarg\u00fce: 70 pacientes.<\/strong><\/span><\/li>\n<\/ul>\n<h5><span style=\"color: #000000;\">\u2022F.B. (F.M. Vi\u00f1as).<\/span><\/h5>\n","protected":false},"excerpt":{"rendered":"<p>De acuerdo al informe suministrado por el Laboratorio Covid Regi\u00f3n Sur, Alvear registr\u00f3 40 nuevos casos positivos de Covid-19 en las &#8230;<\/p>\n","protected":false},"author":8,"featured_media":70682,"comment_status":"open","ping_status":"open","sticky":false,"template":"","format":"standard","meta":{"footnotes":""},"categories":[1],"tags":[],"class_list":["post-80043","post","type-post","status-publish","format-standard","has-post-thumbnail","hentry","category-fmvinas"],"_links":{"self":[{"href":"https:\/\/vinasfm.com\/noticias\/wp-json\/wp\/v2\/posts\/80043","targetHints":{"allow":["GET"]}}],"collection":[{"href":"https:\/\/vinasfm.com\/noticias\/wp-json\/wp\/v2\/posts"}],"about":[{"href":"https:\/\/vinasfm.com\/noticias\/wp-json\/wp\/v2\/types\/post"}],"author":[{"embeddable":true,"href":"https:\/\/vinasfm.com\/noticias\/wp-json\/wp\/v2\/users\/8"}],"replies":[{"embeddable":true,"href":"https:\/\/vinasfm.com\/noticias\/wp-json\/wp\/v2\/comments?post=80043"}],"version-history":[{"count":2,"href":"https:\/\/vinasfm.com\/noticias\/wp-json\/wp\/v2\/posts\/80043\/revisions"}],"predecessor-version":[{"id":80107,"href":"https:\/\/vinasfm.com\/noticias\/wp-json\/wp\/v2\/posts\/80043\/revisions\/80107"}],"wp:featuredmedia":[{"embeddable":true,"href":"https:\/\/vinasfm.com\/noticias\/wp-json\/wp\/v2\/media\/70682"}],"wp:attachment":[{"href":"https:\/\/vinasfm.com\/noticias\/wp-json\/wp\/v2\/media?parent=80043"}],"wp:term":[{"taxonomy":"category","embeddable":true,"href":"https:\/\/vinasfm.com\/noticias\/wp-json\/wp\/v2\/categories?post=80043"},{"taxonomy":"post_tag","embeddable":true,"href":"https:\/\/vinasfm.com\/noticias\/wp-json\/wp\/v2\/tags?post=80043"}],"curies":[{"name":"wp","href":"https:\/\/api.w.org\/{rel}","templated":true}]}}