{"id":80039,"date":"2020-11-05T08:01:30","date_gmt":"2020-11-05T11:01:30","guid":{"rendered":"http:\/\/vinasfm.com\/noticias\/?p=80039"},"modified":"2020-11-06T19:04:46","modified_gmt":"2020-11-06T22:04:46","slug":"perdio-la-vida-tragicamente-en-el-canal-marginal-por-rescatar-a-su-mascota","status":"publish","type":"post","link":"https:\/\/vinasfm.com\/noticias\/perdio-la-vida-tragicamente-en-el-canal-marginal-por-rescatar-a-su-mascota\/","title":{"rendered":"PERDI\u00d3 LA VIDA TR\u00c1GICAMENTE EN EL CANAL MARGINAL POR RESCATAR A SU MASCOTA"},"content":{"rendered":"<h4><span style=\"color: #000000;\"><strong>Un agricultor, identificado como Ignacio Del Pozo (37) perdi\u00f3 la vida en el canal Marginal luego de arrojarse con el fin de rescatar a su mascota, a la que estaba paseando en Rinc\u00f3n del Indio.<\/strong><\/span><\/h4>\n<p><span style=\"color: #000000;\">De acuerdo a lo informado por las autoridades policiales, a las <strong>19:30h de este mi\u00e9rcoles<\/strong> un llamado al CEO advirti\u00f3 que Del Pozo se hab\u00eda arrojado al agua y hab\u00eda sido arrastrado por la misma.<\/span><\/p>\n<p><span style=\"color: #000000;\">Raudamente, <strong>personal de Comisar\u00eda 26\u00b0 acudi\u00f3 al escenario del hecho y junto a Bomberos iniciaron la b\u00fasqueda de la v\u00edctima recorriendo la orilla del canal<\/strong>. El operativo pudo completarse ya que <strong>Irrigaci\u00f3n autoriz\u00f3 el corte de agua del mismo<\/strong>.<\/span><\/p>\n<p><span style=\"color: #000000;\">A la altura de <strong>La Olla<\/strong>, a <strong>5km<\/strong> del punto donde fue visto por \u00faltima vez, los <strong>efectivos constataron que un grupo de personas hab\u00eda rescatado el cuerpo<\/strong>, <strong>sin vida seg\u00fan confirm\u00f3 el profesional de la salud a cargo<\/strong>.<\/span><\/p>\n<p><span style=\"color: #000000;\">El <strong>Ayudante Fiscal German Jarmolczuk<\/strong> es quien entiende en la causa que qued\u00f3 asentada en la seccional villatuelina y autoriz\u00f3 el traslado de la v\u00edctima a la Morgue Judicial.<\/span><\/p>\n<h5><span style=\"color: #000000;\">\u2022F.B. (F.M. Vi\u00f1as).<\/span><\/h5>\n","protected":false},"excerpt":{"rendered":"<p>Un agricultor, identificado como Ignacio Del Pozo (37) perdi\u00f3 la vida en el canal Marginal luego de arrojarse con el fin &#8230;<\/p>\n","protected":false},"author":8,"featured_media":80040,"comment_status":"open","ping_status":"open","sticky":false,"template":"","format":"standard","meta":{"footnotes":""},"categories":[5],"tags":[],"class_list":["post-80039","post","type-post","status-publish","format-standard","has-post-thumbnail","hentry","category-actualidad"],"_links":{"self":[{"href":"https:\/\/vinasfm.com\/noticias\/wp-json\/wp\/v2\/posts\/80039","targetHints":{"allow":["GET"]}}],"collection":[{"href":"https:\/\/vinasfm.com\/noticias\/wp-json\/wp\/v2\/posts"}],"about":[{"href":"https:\/\/vinasfm.com\/noticias\/wp-json\/wp\/v2\/types\/post"}],"author":[{"embeddable":true,"href":"https:\/\/vinasfm.com\/noticias\/wp-json\/wp\/v2\/users\/8"}],"replies":[{"embeddable":true,"href":"https:\/\/vinasfm.com\/noticias\/wp-json\/wp\/v2\/comments?post=80039"}],"version-history":[{"count":1,"href":"https:\/\/vinasfm.com\/noticias\/wp-json\/wp\/v2\/posts\/80039\/revisions"}],"predecessor-version":[{"id":80041,"href":"https:\/\/vinasfm.com\/noticias\/wp-json\/wp\/v2\/posts\/80039\/revisions\/80041"}],"wp:featuredmedia":[{"embeddable":true,"href":"https:\/\/vinasfm.com\/noticias\/wp-json\/wp\/v2\/media\/80040"}],"wp:attachment":[{"href":"https:\/\/vinasfm.com\/noticias\/wp-json\/wp\/v2\/media?parent=80039"}],"wp:term":[{"taxonomy":"category","embeddable":true,"href":"https:\/\/vinasfm.com\/noticias\/wp-json\/wp\/v2\/categories?post=80039"},{"taxonomy":"post_tag","embeddable":true,"href":"https:\/\/vinasfm.com\/noticias\/wp-json\/wp\/v2\/tags?post=80039"}],"curies":[{"name":"wp","href":"https:\/\/api.w.org\/{rel}","templated":true}]}}