{"id":80007,"date":"2020-11-04T10:20:58","date_gmt":"2020-11-04T13:20:58","guid":{"rendered":"http:\/\/vinasfm.com\/noticias\/?p=80007"},"modified":"2020-11-06T09:06:20","modified_gmt":"2020-11-06T12:06:20","slug":"los-fundamentos-de-porque-el-trasvase-del-rio-grande-al-atuel-es-necesario","status":"publish","type":"post","link":"https:\/\/vinasfm.com\/noticias\/los-fundamentos-de-porque-el-trasvase-del-rio-grande-al-atuel-es-necesario\/","title":{"rendered":"LOS FUNDAMENTOS DE PORQU\u00c9 EL TRASVASE DEL R\u00cdO GRANDE AL ATUEL ES NECESARIO"},"content":{"rendered":"<h4><span style=\"color: #000000;\"><strong>Con la pronta puesta en marcha de Portezuelo del Viento ha tomado auge el Trasvase del R\u00edo Grande al Atuel, es as\u00ed que desde diferentes sectores est\u00e1n pidiendo la realizaci\u00f3n de esta obra junto con la de la mega presa.<\/strong><\/span><\/h4>\n<div id=\"attachment_43773\" style=\"width: 291px\" class=\"wp-caption alignleft\"><a style=\"color: #000000;\" href=\"http:\/\/vinasfm.com\/noticias\/wp-content\/uploads\/2018\/11\/javier-lopez.jpg\"><img loading=\"lazy\" decoding=\"async\" aria-describedby=\"caption-attachment-43773\" class=\"wp-image-43773\" src=\"http:\/\/vinasfm.com\/noticias\/wp-content\/uploads\/2018\/11\/javier-lopez-300x169.jpg\" alt=\"\" width=\"291\" height=\"164\" srcset=\"https:\/\/vinasfm.com\/noticias\/wp-content\/uploads\/2018\/11\/javier-lopez-300x169.jpg 300w, https:\/\/vinasfm.com\/noticias\/wp-content\/uploads\/2018\/11\/javier-lopez-768x432.jpg 768w, https:\/\/vinasfm.com\/noticias\/wp-content\/uploads\/2018\/11\/javier-lopez-1024x576.jpg 1024w, https:\/\/vinasfm.com\/noticias\/wp-content\/uploads\/2018\/11\/javier-lopez-750x420.jpg 750w, https:\/\/vinasfm.com\/noticias\/wp-content\/uploads\/2018\/11\/javier-lopez.jpg 1032w\" sizes=\"auto, (max-width: 291px) 100vw, 291px\" \/><\/a><p id=\"caption-attachment-43773\" class=\"wp-caption-text\"><span style=\"color: #000000;\">Javier L\u00f3pez.<\/span><\/p><\/div>\n<p><span style=\"color: #000000;\">En dialogo con F.M. Vi\u00f1as, Javier L\u00f3pez manifest\u00f3 que el trasvase es un tema del que se habla desde hace mucho tiempo \u201c<strong><em>y nadie le ha dado la verdadera importancia que tiene\u201d<\/em><\/strong>. Desde el a\u00f1o 1976 hay estudios al respecto.<\/span><\/p>\n<p><span style=\"color: #000000;\"><strong>El detonante para que esta obra se haya puesto como eje principal ha sido el fallo de la Corte por el agua que se debe entregar a La Pampa,<\/strong> <em>\u201cque dice que hay que entregarle 3, 2metros a La Pampa para recomponer el ecosistema, para empezar, nadie sabe en qu\u00e9 va a terminar esto pasados los a\u00f1os\u201d<\/em>.<\/span><\/p>\n<p><span style=\"color: #000000;\">Dentro delas obras propuestas en la negociaci\u00f3n <strong>en ninguna parte est\u00e1n planteadas mejoras en el riego intra y extra finca,<\/strong> sino que <strong><em>\u201csolamente garanticen que le llegue agua a La Pampa\u201d.<\/em><\/strong><\/span><\/p>\n<p><span style=\"color: #000000;\">\u201c<em>La \u00fanica forma en que nosotros podemos sostener en el tiempo ese fallo de la Corte es haciendo el trasvase. <strong>Este es un problema que se soluciona con agua, no se soluciona con expedientes\u201d<\/strong><\/em>, sostuvo. \u201c<em>El trasvase pasa a ser una herramienta y bandera lucha porque realmente lo necesitamos\u201d.<\/em><\/span><\/p>\n<p><span style=\"color: #000000;\">L\u00f3pez fue contundente en manifestar que \u201c<em>no estamos en contra de Portezuelo. Portezuelo que se haga, lo que estamos diciendo es que con esos US$1.100 millones, que se le gan\u00f3 a la Naci\u00f3n por la promoci\u00f3n industrial, se haga un Portezuelo m\u00e1s chico\u201d,<\/em> proponiendo 47 metros menos de pared\u00f3n, lo que adem\u00e1s har\u00eda que Las Loicas y la ruta no queden inundadas; y 2 usinas ubicadas aguas abajo.<\/span><\/p>\n<p><span style=\"color: #000000;\">\u201c<strong><em>Se generar\u00eda la misma energ\u00eda haciendo el trasvase por la cuenca alta (en el Cobre y el Tordillo), con la misma plata, pero con un Portezuelo m\u00e1s chico<\/em><\/strong>\u201d, asegur\u00f3.<\/span><\/p>\n<h5><span style=\"color: #000000;\"><strong><em>A.C.<\/em><\/strong><\/span><\/h5>\n","protected":false},"excerpt":{"rendered":"<p>Con la pronta puesta en marcha de Portezuelo del Viento ha tomado auge el Trasvase del R\u00edo Grande al Atuel, es &#8230;<\/p>\n","protected":false},"author":7,"featured_media":80008,"comment_status":"open","ping_status":"open","sticky":false,"template":"","format":"standard","meta":{"footnotes":""},"categories":[5,14,54,61],"tags":[],"class_list":["post-80007","post","type-post","status-publish","format-standard","has-post-thumbnail","hentry","category-actualidad","category-agro","category-conflicto-con-la-pampa","category-portezuelo-del-viento"],"_links":{"self":[{"href":"https:\/\/vinasfm.com\/noticias\/wp-json\/wp\/v2\/posts\/80007","targetHints":{"allow":["GET"]}}],"collection":[{"href":"https:\/\/vinasfm.com\/noticias\/wp-json\/wp\/v2\/posts"}],"about":[{"href":"https:\/\/vinasfm.com\/noticias\/wp-json\/wp\/v2\/types\/post"}],"author":[{"embeddable":true,"href":"https:\/\/vinasfm.com\/noticias\/wp-json\/wp\/v2\/users\/7"}],"replies":[{"embeddable":true,"href":"https:\/\/vinasfm.com\/noticias\/wp-json\/wp\/v2\/comments?post=80007"}],"version-history":[{"count":1,"href":"https:\/\/vinasfm.com\/noticias\/wp-json\/wp\/v2\/posts\/80007\/revisions"}],"predecessor-version":[{"id":80113,"href":"https:\/\/vinasfm.com\/noticias\/wp-json\/wp\/v2\/posts\/80007\/revisions\/80113"}],"wp:featuredmedia":[{"embeddable":true,"href":"https:\/\/vinasfm.com\/noticias\/wp-json\/wp\/v2\/media\/80008"}],"wp:attachment":[{"href":"https:\/\/vinasfm.com\/noticias\/wp-json\/wp\/v2\/media?parent=80007"}],"wp:term":[{"taxonomy":"category","embeddable":true,"href":"https:\/\/vinasfm.com\/noticias\/wp-json\/wp\/v2\/categories?post=80007"},{"taxonomy":"post_tag","embeddable":true,"href":"https:\/\/vinasfm.com\/noticias\/wp-json\/wp\/v2\/tags?post=80007"}],"curies":[{"name":"wp","href":"https:\/\/api.w.org\/{rel}","templated":true}]}}