{"id":79999,"date":"2020-11-04T09:40:21","date_gmt":"2020-11-04T12:40:21","guid":{"rendered":"http:\/\/vinasfm.com\/noticias\/?p=79999"},"modified":"2020-11-04T17:11:22","modified_gmt":"2020-11-04T20:11:22","slug":"el-diputado-zamarbide-propone-bajar-el-iva-del-21-al-15-y-tasa-cero-en-la-canasta-basica-alimentaria","status":"publish","type":"post","link":"https:\/\/vinasfm.com\/noticias\/el-diputado-zamarbide-propone-bajar-el-iva-del-21-al-15-y-tasa-cero-en-la-canasta-basica-alimentaria\/","title":{"rendered":"EL DIPUTADO ZAMARBIDE PROPONE BAJAR EL IVA DEL 21 AL 15% Y TASA CERO EN LA CANASTA B\u00c1SICA ALIMENTARIA"},"content":{"rendered":"<h4><span style=\"color: #000000;\"><strong>Para bajar el Impuesto al Valor Agregado (IVA) del 21 al 15 % y\u00a0eximir por completo de dicha al\u00edcuota a los productos de la Canasta B\u00e1sica Alimentaria (CBA), el diputado nacional por Mendoza,\u00a0Federico Zamarbide, present\u00f3 un proyecto de ley. Entre los objetivos centrales que plantea est\u00e1 justamente reformar el sistema impositivo bajando impuestos y castigar la evasi\u00f3n fiscal como un delito contra el pa\u00eds.<\/strong><\/span><\/h4>\n<p><span style=\"color: #000000;\">En dialogo con F.M. Vi\u00f1as el legislador sostuvo que <strong>\u201c<\/strong><em><strong>el sistema impositivo argentino es distorsivo e insostenible. Atenta contra la generaci\u00f3n de empleo y la actividad<\/strong>, grava m\u00e1s la actividad econ\u00f3mica que el patrimonio de las personas o las empresas y eso genera distorsi\u00f3n y atenta contra el desarrollo\u201d.<\/em><\/span><\/p>\n<p><span style=\"color: #000000;\">Zamarbide alert\u00f3 que este s<strong>istema tampoco funciona ya que debido a la alta presi\u00f3n fiscal se \u201c<em>estimula la evasi\u00f3n impositiva\u201d<\/em><\/strong>. Lo que propone, \u201c<strong><em>primero es reducir impuestos, despu\u00e9s simplificar y mejorar los controles<\/em><\/strong>\u201d.<\/span><\/p>\n<p><span style=\"color: #000000;\">Actualmente Argentina se encuentra en el puesto 15 en cuanto a al\u00edcuota de IVA y el segundo de Latinoam\u00e9rica. En este sentido se busca \u201c<strong><em>reducir la al\u00edcuota del 21% actual al 15% y eximici\u00f3n total para bienes de la Canasta B\u00e1sica Alimentaria y medicamentos\u201d<\/em><\/strong>.<\/span><\/p>\n<p><span style=\"color: #000000;\">A corto plazo, generar\u00eda una disminuci\u00f3n considerable en el precio de bienes y servicios que se pagan y la reactivaci\u00f3n econ\u00f3mica, <em>\u201cm\u00e1s actividad es una se\u00f1al a los empresarios y emprendedores en este contexto en el que es tan importante generar empleo e invertir en Argentina\u201d<\/em>.<\/span><\/p>\n<p><span style=\"color: #000000;\"><strong><em>\u201cNo puede ser que la \u00fanica soluci\u00f3n para bajar el d\u00e9ficit sea siempre aumentar o crear nuevos impuestos\u201d<\/em><\/strong>, sostuvo.<\/span><\/p>\n<p><span style=\"color: #000000;\">Sin embargo, una menor recaudaci\u00f3n, tambi\u00e9n generar\u00eda menos ingresos para las provincias, en este sentido el diputado expres\u00f3 que <em>\u201ccombinado con la simplificaci\u00f3n del sistema y un mejor control, el mayor nivel de actividad recompone la recaudaci\u00f3n\u201d<\/em>.<\/span><\/p>\n<h5><span style=\"color: #000000;\"><em><strong>A.C.<\/strong><\/em><\/span><\/h5>\n","protected":false},"excerpt":{"rendered":"<p>Para bajar el Impuesto al Valor Agregado (IVA) del 21 al 15 % y\u00a0eximir por completo de dicha al\u00edcuota a los &#8230;<\/p>\n","protected":false},"author":7,"featured_media":75170,"comment_status":"open","ping_status":"open","sticky":false,"template":"","format":"standard","meta":{"footnotes":""},"categories":[5,43],"tags":[],"class_list":["post-79999","post","type-post","status-publish","format-standard","has-post-thumbnail","hentry","category-actualidad","category-legislatura"],"_links":{"self":[{"href":"https:\/\/vinasfm.com\/noticias\/wp-json\/wp\/v2\/posts\/79999","targetHints":{"allow":["GET"]}}],"collection":[{"href":"https:\/\/vinasfm.com\/noticias\/wp-json\/wp\/v2\/posts"}],"about":[{"href":"https:\/\/vinasfm.com\/noticias\/wp-json\/wp\/v2\/types\/post"}],"author":[{"embeddable":true,"href":"https:\/\/vinasfm.com\/noticias\/wp-json\/wp\/v2\/users\/7"}],"replies":[{"embeddable":true,"href":"https:\/\/vinasfm.com\/noticias\/wp-json\/wp\/v2\/comments?post=79999"}],"version-history":[{"count":1,"href":"https:\/\/vinasfm.com\/noticias\/wp-json\/wp\/v2\/posts\/79999\/revisions"}],"predecessor-version":[{"id":80001,"href":"https:\/\/vinasfm.com\/noticias\/wp-json\/wp\/v2\/posts\/79999\/revisions\/80001"}],"wp:featuredmedia":[{"embeddable":true,"href":"https:\/\/vinasfm.com\/noticias\/wp-json\/wp\/v2\/media\/75170"}],"wp:attachment":[{"href":"https:\/\/vinasfm.com\/noticias\/wp-json\/wp\/v2\/media?parent=79999"}],"wp:term":[{"taxonomy":"category","embeddable":true,"href":"https:\/\/vinasfm.com\/noticias\/wp-json\/wp\/v2\/categories?post=79999"},{"taxonomy":"post_tag","embeddable":true,"href":"https:\/\/vinasfm.com\/noticias\/wp-json\/wp\/v2\/tags?post=79999"}],"curies":[{"name":"wp","href":"https:\/\/api.w.org\/{rel}","templated":true}]}}