{"id":79997,"date":"2020-11-04T09:06:45","date_gmt":"2020-11-04T12:06:45","guid":{"rendered":"http:\/\/vinasfm.com\/noticias\/?p=79997"},"modified":"2020-11-05T11:40:29","modified_gmt":"2020-11-05T14:40:29","slug":"ramiro-labay-sobre-la-fiesta-de-la-ganaderia-pudimos-cumplir-con-todos-los-objetivos","status":"publish","type":"post","link":"https:\/\/vinasfm.com\/noticias\/ramiro-labay-sobre-la-fiesta-de-la-ganaderia-pudimos-cumplir-con-todos-los-objetivos\/","title":{"rendered":"RAMIRO LABAY SOBRE LA FIESTA DE LA GANADER\u00cdA: &#8216;PUDIMOS CUMPLIR CON TODOS LOS OBJETIVOS&#8217;"},"content":{"rendered":"<h4><span style=\"color: #000000;\"><strong>En dialogo con F.M. Vi\u00f1as, Ramiro Labay de la Especifica de Ganader\u00eda, hizo un balance positivo de la 39\u00b0 Fiesta Nacional de la Ganader\u00eda de Zonas \u00c1ridas, \u201c<em>pudimos cumplir con los objetivos que nos hab\u00edamos propuesto\u201d<\/em>.<\/strong><\/span><\/h4>\n<p><span style=\"color: #000000;\">Por la \u00e9poca, el tradicional <strong>remate tuvo la particularidad de tener otro tipo de animales<\/strong>, \u201c<em>en mayo normalmente hay mucha oferta de terneros. En esta \u00e9poca esa oferta de terneros es pr\u00e1cticamente inexistente\u201d<\/em>. Por eso se le dio otra din\u00e1mica, enfoc\u00e1ndose en <strong>reproductores que trajeron las firmas ferieras, y remate de hacienda en general.<\/strong><\/span><\/p>\n<p><span style=\"color: #000000;\">Sobre el <strong>discurso del gobernador<\/strong> Labay lo not\u00f3 \u201c<em><strong>con muchas generalidades y pocas particularidades.<\/strong> Lo note como un discurso donde se remarc\u00f3 la gesti\u00f3n que est\u00e1 realizando el gobierno provincial\u201d.<\/em><\/span><\/p>\n<p><span style=\"color: #000000;\">En cuanto al <strong>acueducto<\/strong>, <em>\u201chice un especial hincapi\u00e9 en agradecimiento a la decisi\u00f3n de invertir en la producci\u00f3n. E<strong>l acueducto es una obra fundamental que va a cambiar la productividad de nuestros campos\u201d.<\/strong><\/em><\/span><\/p>\n<p><span style=\"color: #000000;\">\u201c<em>Hay que tener en cuenta tambi\u00e9n que<strong> despu\u00e9s de tantas idas y vueltas, tantas fallas es una obra in\u00e9dita que se est\u00e1 poniendo a punto<\/strong>. Esperamos que la obra la puedan disfrutar los 225 productores que est\u00e1n incluidos y tienen el privilegio de que les pase por la puerta de los campos\u201d,<\/em> se\u00f1al\u00f3.<\/span><\/p>\n<p><span style=\"color: #000000;\">Agreg\u00f3 que \u201c<em>debe servir de modelo para que se pueda replicar en otros lados como en el acueducto que se cay\u00f3 de Monte Com\u00e1n \u2013 La Horqueta\u201d.<\/em><\/span><\/p>\n<p><span style=\"color: #000000;\">En un contexto muy acotado fue \u201c<em>totalmente exitosa, nos tuvimos que readaptar en tiempo r\u00e9cord. Se cumpli\u00f3 con todos los objetivos para los 3 d\u00edas de la Fiesta\u201d.<\/em><\/span><\/p>\n<p><span style=\"color: #000000;\">Otro los iconos que debi\u00f3 se readaptado fueron los <strong>costillares al ensartador,<\/strong> \u201c<em>se vendieron todas las tarjetas, la gente qued\u00f3 muy conforme<\/em>\u201d. En dos horas pudieron entregarse los 100 sin ning\u00fan tipo de inconveniente.<\/span><\/p>\n<h4><span style=\"color: #000000;\"><strong>EMERGENCIA AGROPECUARIA<\/strong><\/span><\/h4>\n<h5><span style=\"color: #000000;\"><strong>Ver m\u00e1s en: <a style=\"color: #000000;\" href=\"http:\/\/vinasfm.com\/noticias\/mendoza-declaro-el-estado-de-emergencia-agropecuaria-hasta-marzo-de-2022\/\">http:\/\/vinasfm.com\/noticias\/mendoza-declaro-el-estado-de-emergencia-agropecuaria-hasta-marzo-de-2022\/<\/a><\/strong><\/span><\/h5>\n<p><span style=\"color: #000000;\">\u201c<em>Que se haya declarado la emergencia es muy importante\u201d,<\/em> asegur\u00f3. Esto da <strong>diferimientos impositivos, posibilidad de acceso al cr\u00e9dito a tasas m\u00e1s bajas, entre otras<\/strong>. El paso siguiente es decretarla a nivel nacional.<\/span><\/p>\n<h5><span style=\"color: #000000;\"><strong><em>A.C.<\/em><\/strong><\/span><\/h5>\n","protected":false},"excerpt":{"rendered":"<p>En dialogo con F.M. Vi\u00f1as, Ramiro Labay de la Especifica de Ganader\u00eda, hizo un balance positivo de la 39\u00b0 Fiesta Nacional &#8230;<\/p>\n","protected":false},"author":7,"featured_media":79897,"comment_status":"open","ping_status":"open","sticky":false,"template":"","format":"standard","meta":{"footnotes":""},"categories":[5,28],"tags":[],"class_list":["post-79997","post","type-post","status-publish","format-standard","has-post-thumbnail","hentry","category-actualidad","category-fiesta-nacional-de-la-ganaderia"],"_links":{"self":[{"href":"https:\/\/vinasfm.com\/noticias\/wp-json\/wp\/v2\/posts\/79997","targetHints":{"allow":["GET"]}}],"collection":[{"href":"https:\/\/vinasfm.com\/noticias\/wp-json\/wp\/v2\/posts"}],"about":[{"href":"https:\/\/vinasfm.com\/noticias\/wp-json\/wp\/v2\/types\/post"}],"author":[{"embeddable":true,"href":"https:\/\/vinasfm.com\/noticias\/wp-json\/wp\/v2\/users\/7"}],"replies":[{"embeddable":true,"href":"https:\/\/vinasfm.com\/noticias\/wp-json\/wp\/v2\/comments?post=79997"}],"version-history":[{"count":1,"href":"https:\/\/vinasfm.com\/noticias\/wp-json\/wp\/v2\/posts\/79997\/revisions"}],"predecessor-version":[{"id":80003,"href":"https:\/\/vinasfm.com\/noticias\/wp-json\/wp\/v2\/posts\/79997\/revisions\/80003"}],"wp:featuredmedia":[{"embeddable":true,"href":"https:\/\/vinasfm.com\/noticias\/wp-json\/wp\/v2\/media\/79897"}],"wp:attachment":[{"href":"https:\/\/vinasfm.com\/noticias\/wp-json\/wp\/v2\/media?parent=79997"}],"wp:term":[{"taxonomy":"category","embeddable":true,"href":"https:\/\/vinasfm.com\/noticias\/wp-json\/wp\/v2\/categories?post=79997"},{"taxonomy":"post_tag","embeddable":true,"href":"https:\/\/vinasfm.com\/noticias\/wp-json\/wp\/v2\/tags?post=79997"}],"curies":[{"name":"wp","href":"https:\/\/api.w.org\/{rel}","templated":true}]}}