{"id":79993,"date":"2020-11-04T08:07:32","date_gmt":"2020-11-04T11:07:32","guid":{"rendered":"http:\/\/vinasfm.com\/noticias\/?p=79993"},"modified":"2020-11-04T17:12:08","modified_gmt":"2020-11-04T20:12:08","slug":"jeronimo-colla-deja-la-direccion-de-deportes-para-dirigir-en-bolivar","status":"publish","type":"post","link":"https:\/\/vinasfm.com\/noticias\/jeronimo-colla-deja-la-direccion-de-deportes-para-dirigir-en-bolivar\/","title":{"rendered":"JER\u00d3NIMO COLLA DEJA LA DIRECCI\u00d3N DE DEPORTES PARA DIRIGIR EN BOL\u00cdVAR"},"content":{"rendered":"<h4><span style=\"color: #000000;\"><strong>Seg\u00fan informaron desde el ejecutivo local su \u201clicencia sin goce de haberes por un mes\u201d es a ra\u00edz de un ofrecimiento para dirigir en el equipo de V\u00f3ley de Bol\u00edvar, uno de los m\u00e1s destacados a nivel nacional.<\/strong><\/span><\/h4>\n<p><span style=\"color: #000000;\">El Secretario de Gobierno Jos\u00e9 V\u00edlchez se\u00f1al\u00f3 que \u201c<em>es un crecimiento para Jer\u00f3nimo en lo personal, pero tambi\u00e9n es una expectativa para nuestro departamento para visibilizarse y generar algunos v\u00ednculos<\/em>\u201d. <strong>La Direcci\u00f3n de Deportes mientras tanto quedar\u00e1 a cargo de los profesores Roberto Sim\u00f3n y Mauricio Olgu\u00edn.<\/strong><\/span><\/p>\n<h4><span style=\"color: #000000;\"><strong>COLONIAS DE VERANO<\/strong><\/span><\/h4>\n<p><span style=\"color: #000000;\">De cara a la temporada de verano y con la limitante de la pandemia para realizar algunas actividades, Sim\u00f3n manifest\u00f3 que ya se viene trabajando con varias alternativas, \u201c<strong><em>colonia como fue la del a\u00f1o pasado no se va a poder hacer\u201d.<\/em><\/strong><\/span><\/p>\n<p><span style=\"color: #000000;\">En los pr\u00f3ximos d\u00edas se presentar\u00e1n ante Naci\u00f3n los <strong>protocolos para las piletas de recreaci\u00f3n y colonias de verano<\/strong> para toda la provincia, \u201c<strong><em>va a ser una colonia muy diferente, pero estamos trabajando con actividades de verano\u201d.<\/em><\/strong> Algunas de ellas ser\u00edan <strong>beach v\u00f3ley y escuela de ciclismo<\/strong> como la que ya funciona en Bowen.<\/span><\/p>\n<p><span style=\"color: #000000;\">Por su parte Olgu\u00edn indic\u00f3 que \u201c<strong><em>se ha hecho mucho hincapi\u00e9 en la parte de infraestructura\u201d,<\/em><\/strong> sobre todo en el poli con la <strong>pista de atletismo y ciclismo, siembra de plantas, canteros,<\/strong> entre otras. En la pista de atletismo, adem\u00e1s, se coloc\u00f3 una bomba de riego.<\/span><\/p>\n<h5><span style=\"color: #000000;\"><strong><em>A.C.<\/em><\/strong><\/span><\/h5>\n","protected":false},"excerpt":{"rendered":"<p>Seg\u00fan informaron desde el ejecutivo local su \u201clicencia sin goce de haberes por un mes\u201d es a ra\u00edz de un ofrecimiento &#8230;<\/p>\n","protected":false},"author":7,"featured_media":63233,"comment_status":"open","ping_status":"open","sticky":false,"template":"","format":"standard","meta":{"footnotes":""},"categories":[5,3],"tags":[],"class_list":["post-79993","post","type-post","status-publish","format-standard","has-post-thumbnail","hentry","category-actualidad","category-deportes"],"_links":{"self":[{"href":"https:\/\/vinasfm.com\/noticias\/wp-json\/wp\/v2\/posts\/79993","targetHints":{"allow":["GET"]}}],"collection":[{"href":"https:\/\/vinasfm.com\/noticias\/wp-json\/wp\/v2\/posts"}],"about":[{"href":"https:\/\/vinasfm.com\/noticias\/wp-json\/wp\/v2\/types\/post"}],"author":[{"embeddable":true,"href":"https:\/\/vinasfm.com\/noticias\/wp-json\/wp\/v2\/users\/7"}],"replies":[{"embeddable":true,"href":"https:\/\/vinasfm.com\/noticias\/wp-json\/wp\/v2\/comments?post=79993"}],"version-history":[{"count":2,"href":"https:\/\/vinasfm.com\/noticias\/wp-json\/wp\/v2\/posts\/79993\/revisions"}],"predecessor-version":[{"id":79996,"href":"https:\/\/vinasfm.com\/noticias\/wp-json\/wp\/v2\/posts\/79993\/revisions\/79996"}],"wp:featuredmedia":[{"embeddable":true,"href":"https:\/\/vinasfm.com\/noticias\/wp-json\/wp\/v2\/media\/63233"}],"wp:attachment":[{"href":"https:\/\/vinasfm.com\/noticias\/wp-json\/wp\/v2\/media?parent=79993"}],"wp:term":[{"taxonomy":"category","embeddable":true,"href":"https:\/\/vinasfm.com\/noticias\/wp-json\/wp\/v2\/categories?post=79993"},{"taxonomy":"post_tag","embeddable":true,"href":"https:\/\/vinasfm.com\/noticias\/wp-json\/wp\/v2\/tags?post=79993"}],"curies":[{"name":"wp","href":"https:\/\/api.w.org\/{rel}","templated":true}]}}