{"id":79950,"date":"2020-11-03T06:50:56","date_gmt":"2020-11-03T09:50:56","guid":{"rendered":"http:\/\/vinasfm.com\/noticias\/?p=79950"},"modified":"2020-11-05T10:05:20","modified_gmt":"2020-11-05T13:05:20","slug":"la-dge-salio-al-cruce-de-las-versiones-del-bloque-pj-sobre-la-distribucion-de-material-educativo","status":"publish","type":"post","link":"https:\/\/vinasfm.com\/noticias\/la-dge-salio-al-cruce-de-las-versiones-del-bloque-pj-sobre-la-distribucion-de-material-educativo\/","title":{"rendered":"LA DGE SALI\u00d3 AL CRUCE DE LAS VERSIONES DEL BLOQUE PJ SOBRE LA DISTRIBUCI\u00d3N DE MATERIAL EDUCATIVO"},"content":{"rendered":"<h4><span style=\"color: #000000;\"><strong>Luego de que el Bloque Frente de Todos denunciara p\u00fablicamente que desde la Direcci\u00f3n General de Escuelas hubo &#8216;irregularidades&#8217; a la hora de distribuir material educativo enviado desde Educaci\u00f3n de la Naci\u00f3n, la titular de la Delegaci\u00f3n local Magal\u00ed Oneschuk contrast\u00f3 la postura de los ediles justicialistas.<\/strong><\/span><\/h4>\n<p><span style=\"color: #000000;\">En la ma\u00f1ana de este martes la <strong>edil Hebe Katzer<\/strong> apunt\u00f3 contra la <strong>DGE<\/strong>\u00a0en el aire de <strong>F.M. Vi\u00f1as <\/strong>sosteniendo que <strong>Suyana<\/strong>\u00a0hab\u00eda recibido revistas con contenidos educativos con el fin que tras reciclarlos fabricar los conocidos l\u00e1pices de papel.\u00a0<\/span><\/p>\n<h5><strong><span style=\"color: #000000;\">Ve\u00e1se tambi\u00e9n<\/span> <a href=\"http:\/\/vinasfm.com\/noticias\/denuncian-irregularidades-en-la-entrega-de-material-educativo-en-alvear\/\">http:\/\/vinasfm.com\/noticias\/denuncian-irregularidades-en-la-entrega-de-material-educativo-en-alvear\/<\/a><\/strong><\/h5>\n<p><span style=\"color: #000000;\">A posterior, la <strong>Delegada Magal\u00ed Oneschuk<\/strong> sali\u00f3 al cruce y aclar\u00f3 a trav\u00e9s de este medio:\u00a0\u00ab<strong><em>Frente a las noticias infundadas respecto a la entrega de cuadernillos educativos del Gobierno\u00a0Nacional, es que desde la Delegaci\u00f3n Regional Sureste se aclaran varios puntos<\/em><\/strong>\u00ab.<\/span><\/p>\n<ol>\n<li><span style=\"color: #000000;\"><strong>Nuestro establecimiento no ha recibido pedido de informe ni denuncia al respecto, de\u00a0parte del H.C.D.<\/strong><\/span><\/li>\n<li><span style=\"color: #000000;\"><strong>Los cuadernillos entregados por el Gobierno Nacional llegan a nuestra Delegaci\u00f3n, y\u00a0tambi\u00e9n a comercios (como supermercados) para ser distribuidos de forma masiva.<\/strong><\/span><\/li>\n<li><span style=\"color: #000000;\"><strong>D.G.E no tiene control del destino que esas empresas privadas dan a los cuadernillos\u00a0que el Gobierno Nacional les ha dado.<\/strong><\/span><\/li>\n<li><span style=\"color: #000000;\"><strong>Los docentes se toman el trabajo de adaptar dicho material para igualar el contenido\u00a0que reciben sus alumnos, por ello es que D.G.E. hace entrega a las autoridades\u00a0escolares de los cuadernillos que ellos solicitan, sin l\u00edmite ni condici\u00f3n alguna. Nadie\u00a0mejor que los docentes, para conocer la realidad de sus alumnos respecto al acceso a\u00a0la educaci\u00f3n que \u00e9stos tienen.<\/strong><\/span><\/li>\n<li><span style=\"color: #000000;\"><strong>La Delegaci\u00f3n Regional Sureste ha recibido buena predisposici\u00f3n de todos los<\/strong><\/span><br \/>\n<span style=\"color: #000000;\"><strong>directivos que entregan dicho material pedag\u00f3gico, y valora su esfuerzo de hacerlo\u00a0llegar a sus alumnos. No se ha recibido queja alguna al respecto de parte de las\u00a0autoridades escolares.<\/strong><\/span><\/li>\n<li><span style=\"color: #000000;\"><strong>Esta Delegaci\u00f3n pone a disposici\u00f3n de la prensa y autoridad que lo requiera, las\u00a0<\/strong><strong>rendiciones de la entrega de cuadernillos con las firmas y sellos de todos los directivos\u00a0que los han recibido y distribuido a sus alumnos.<\/strong><\/span><\/li>\n<\/ol>\n<h5>\u2022F.B. (F.M. Vi\u00f1as).<\/h5>\n","protected":false},"excerpt":{"rendered":"<p>Luego de que el Bloque Frente de Todos denunciara p\u00fablicamente que desde la Direcci\u00f3n General de Escuelas hubo &#8216;irregularidades&#8217; a la &#8230;<\/p>\n","protected":false},"author":8,"featured_media":45435,"comment_status":"open","ping_status":"open","sticky":false,"template":"","format":"standard","meta":{"footnotes":""},"categories":[5,74],"tags":[],"class_list":["post-79950","post","type-post","status-publish","format-standard","has-post-thumbnail","hentry","category-actualidad","category-dge"],"_links":{"self":[{"href":"https:\/\/vinasfm.com\/noticias\/wp-json\/wp\/v2\/posts\/79950","targetHints":{"allow":["GET"]}}],"collection":[{"href":"https:\/\/vinasfm.com\/noticias\/wp-json\/wp\/v2\/posts"}],"about":[{"href":"https:\/\/vinasfm.com\/noticias\/wp-json\/wp\/v2\/types\/post"}],"author":[{"embeddable":true,"href":"https:\/\/vinasfm.com\/noticias\/wp-json\/wp\/v2\/users\/8"}],"replies":[{"embeddable":true,"href":"https:\/\/vinasfm.com\/noticias\/wp-json\/wp\/v2\/comments?post=79950"}],"version-history":[{"count":1,"href":"https:\/\/vinasfm.com\/noticias\/wp-json\/wp\/v2\/posts\/79950\/revisions"}],"predecessor-version":[{"id":79952,"href":"https:\/\/vinasfm.com\/noticias\/wp-json\/wp\/v2\/posts\/79950\/revisions\/79952"}],"wp:featuredmedia":[{"embeddable":true,"href":"https:\/\/vinasfm.com\/noticias\/wp-json\/wp\/v2\/media\/45435"}],"wp:attachment":[{"href":"https:\/\/vinasfm.com\/noticias\/wp-json\/wp\/v2\/media?parent=79950"}],"wp:term":[{"taxonomy":"category","embeddable":true,"href":"https:\/\/vinasfm.com\/noticias\/wp-json\/wp\/v2\/categories?post=79950"},{"taxonomy":"post_tag","embeddable":true,"href":"https:\/\/vinasfm.com\/noticias\/wp-json\/wp\/v2\/tags?post=79950"}],"curies":[{"name":"wp","href":"https:\/\/api.w.org\/{rel}","templated":true}]}}