{"id":79918,"date":"2020-11-03T06:03:54","date_gmt":"2020-11-03T09:03:54","guid":{"rendered":"http:\/\/vinasfm.com\/noticias\/?p=79918"},"modified":"2020-11-04T08:09:17","modified_gmt":"2020-11-04T11:09:17","slug":"eduardo-barroso-fue-homenajeado-como-el-puestero-mas-antiguo","status":"publish","type":"post","link":"https:\/\/vinasfm.com\/noticias\/eduardo-barroso-fue-homenajeado-como-el-puestero-mas-antiguo\/","title":{"rendered":"EDUARDO BARROSO FUE HOMENAJEADO COMO EL PUESTERO M\u00c1S ANTIGUO"},"content":{"rendered":"<h4><strong>En el a\u00f1o 1907 llegaron a instalarse en la zona Don Segundo Barroso y Do\u00f1a Orfelia Espinosa, padres de Ram\u00f3n Barroso y abuelos de Eduardo. El 13 de octubre de 1937 nac\u00eda don Eduardo Barroso el homenajeado puestero, hijo de Ram\u00f3n e Irene en el seno de una familia conformada por 12 hermanos.<\/strong><\/h4>\n<p>Ellos habitaban en el Puesto La Arabia, a unos 55 km. de la ciudad de Gral. Alvear; en el Paraje Paso Barroso, denominado as\u00ed por la larga trayectoria de la familia en la zona.<\/p>\n<p>Actualmente con <strong>83 a\u00f1os de edad<\/strong>, Don Eduardo Barroso, recuerda con nostalgia tantos momentos vividos, en el que sin dudas es su lugar en el mundo; ese campo a orillas del r\u00edo Atuel que con tanto sacrificio y dedicaci\u00f3n constante trabajan junto a su \u00fanico hijo Antonio y su nieto Roberto.<\/p>\n<p><strong>As\u00ed como los castigaba la sequ\u00eda tambi\u00e9n recuerda que en el a\u00f1o \u00b483 y 87 el caudal del rio Atuel aumento en forma considerable ocasionando graves problemas para su producci\u00f3n.<\/strong><\/p>\n<p>Estos y otros muchos inconvenientes de la vida de campo nunca mermaron el apego a su tierra lo cual los diferenciaba de aquellos que en busca de nuevos horizontes dejaban el lugar.<\/p>\n<p>Si bien destaca que est\u00e1n pr\u00f3ximos a recibir <strong>la energ\u00eda monofilar que les llegar\u00e1 en un par de meses;<\/strong> la tecnolog\u00eda a\u00fan no los ha invadido y puede ser que all\u00ed resida el secreto de su tranquilidad, como quien dir\u00eda un para\u00edso para disfrutar con el canto de los p\u00e1jaros y el agreste de su vegetaci\u00f3n \u00e1rida que vigila la tranquilidad de su fauna.<\/p>\n<p>Se puede decir que el lugar ha visto al cabo de estos m\u00e1s de <strong>80 a\u00f1os la cuarta generaci\u00f3n de esta familia.<\/strong><\/p>\n<p>As\u00ed, en este escenario, transcurre sus d\u00edas Don Eduardo con la <strong>crianza y cuidado permanente de las chivas y los vacunos;<\/strong> honrando con su tarea diaria estas tierras de nuestro campo argentino.<\/p>\n<h5><strong><em>A.C.<\/em><\/strong><\/h5>\n","protected":false},"excerpt":{"rendered":"<p>En el a\u00f1o 1907 llegaron a instalarse en la zona Don Segundo Barroso y Do\u00f1a Orfelia Espinosa, padres de Ram\u00f3n Barroso &#8230;<\/p>\n","protected":false},"author":7,"featured_media":79919,"comment_status":"open","ping_status":"open","sticky":false,"template":"","format":"standard","meta":{"footnotes":""},"categories":[5,28],"tags":[],"class_list":["post-79918","post","type-post","status-publish","format-standard","has-post-thumbnail","hentry","category-actualidad","category-fiesta-nacional-de-la-ganaderia"],"_links":{"self":[{"href":"https:\/\/vinasfm.com\/noticias\/wp-json\/wp\/v2\/posts\/79918","targetHints":{"allow":["GET"]}}],"collection":[{"href":"https:\/\/vinasfm.com\/noticias\/wp-json\/wp\/v2\/posts"}],"about":[{"href":"https:\/\/vinasfm.com\/noticias\/wp-json\/wp\/v2\/types\/post"}],"author":[{"embeddable":true,"href":"https:\/\/vinasfm.com\/noticias\/wp-json\/wp\/v2\/users\/7"}],"replies":[{"embeddable":true,"href":"https:\/\/vinasfm.com\/noticias\/wp-json\/wp\/v2\/comments?post=79918"}],"version-history":[{"count":1,"href":"https:\/\/vinasfm.com\/noticias\/wp-json\/wp\/v2\/posts\/79918\/revisions"}],"predecessor-version":[{"id":79920,"href":"https:\/\/vinasfm.com\/noticias\/wp-json\/wp\/v2\/posts\/79918\/revisions\/79920"}],"wp:featuredmedia":[{"embeddable":true,"href":"https:\/\/vinasfm.com\/noticias\/wp-json\/wp\/v2\/media\/79919"}],"wp:attachment":[{"href":"https:\/\/vinasfm.com\/noticias\/wp-json\/wp\/v2\/media?parent=79918"}],"wp:term":[{"taxonomy":"category","embeddable":true,"href":"https:\/\/vinasfm.com\/noticias\/wp-json\/wp\/v2\/categories?post=79918"},{"taxonomy":"post_tag","embeddable":true,"href":"https:\/\/vinasfm.com\/noticias\/wp-json\/wp\/v2\/tags?post=79918"}],"curies":[{"name":"wp","href":"https:\/\/api.w.org\/{rel}","templated":true}]}}