{"id":79776,"date":"2020-10-30T10:25:30","date_gmt":"2020-10-30T13:25:30","guid":{"rendered":"http:\/\/vinasfm.com\/noticias\/?p=79776"},"modified":"2020-11-02T08:20:32","modified_gmt":"2020-11-02T11:20:32","slug":"walther-marcolini-en-el-discurso-de-inauguracion-es-importante-mantener-viva-la-fiesta-de-la-ganaderia","status":"publish","type":"post","link":"https:\/\/vinasfm.com\/noticias\/walther-marcolini-en-el-discurso-de-inauguracion-es-importante-mantener-viva-la-fiesta-de-la-ganaderia\/","title":{"rendered":"WALTHER MARCOLINI EN EL DISCURSO DE INAUGURACI\u00d3N: &#8216;ES IMPORTANTE MANTENER VIVA LA FIESTA DE LA GANADER\u00cdA&#8217;"},"content":{"rendered":"<h4><span style=\"color: #000000;\"><strong>Hoy comenz\u00f3 la 39\u00b0 Fiesta Nacional de la Ganader\u00eda de Zonas \u00c1ridas, evento que este a\u00f1o se ver\u00e1 condicionado por la situaci\u00f3n sanitaria generando doble esfuerzo para la organizaci\u00f3n que ha sabido reinventarse y amalgamar la mayor cantidad de actividades afines para no perder la esencia de la fiesta grande del sur mendocino.<\/strong><\/span><\/h4>\n<p style=\"text-align: center;\"><span style=\"color: #000000;\"> Toda la fiesta se podr\u00e1 seguir de forma virtual en:\u00a0<span style=\"color: #3366ff;\"><a style=\"color: #3366ff;\" href=\"https:\/\/fiestadelaganaderialvear.com\/\">https:\/\/fiestadelaganaderialvear.com\/<\/a><\/span><\/span><\/p>\n<p><span style=\"color: #000000;\"><strong>Como ya es tradicional la apertura estuvo a cargo del Intendente Municipal Walther Marcolini, <\/strong><\/span><strong style=\"color: #000000;\">en este caso desde su hogar, quien <\/strong><strong style=\"color: #000000;\">pronunciaba lo siguiente:<\/strong><\/p>\n<p><span style=\"color: #000000;\"><em>\u201cAsistimos a la 39\u00b0 edici\u00f3n de la Fiesta Nacional de la Ganader\u00eda de Zonas \u00c1ridas en un contexto de cambio de tal magnitud que es el mundo entero el que ha modificado su accionar a partir de la pandemia. <\/em><em>Argentina, Mendoza y General Alvear no son la excepci\u00f3n por el contrario t<strong>ransitamos un momento de alta contagiosidad poniendo al l\u00edmite a nuestro sistema sanitario,<\/strong> el cual en marzo de este a\u00f1o no estaba enfrentado para enfrentar la pandemia.<\/em><\/span><\/p>\n<p><span style=\"color: #000000;\"><em>En primer lugar, mi r<strong>econocimiento para m\u00e9dicos, para todos los prestadores de la salud, para todos los trabajadores de la salud que est\u00e1n haciendo el gran esfuerzo de mitigar esta enfermedad.<\/strong><\/em><\/span><\/p>\n<p><span style=\"color: #000000;\"><em>Esta tradicional Fiesta de los alvearenses, por cierto, la m\u00e1s importante del departamento y de toda la ganader\u00eda del oeste argentino tambi\u00e9n se ve afectada por el COVID-19. Prueba de esto es esta realizaci\u00f3n mixta que involucra lo virtual y lo presencial y la fecha a destiempo fuera del tradicional calendario del mes de mayo.<\/em><\/span><\/p>\n<p><span style=\"color: #000000;\"><em>Agradezco a los organizadores de la C\u00e1mara de Comercio por el e<strong>sfuerzo de concretar la 39\u00b0 edici\u00f3n con todas las restricciones que la situaci\u00f3n de distanciamiento social conlleva. Es importante mantener viva la fiesta, mostrar los avances de nuestro campo en un a\u00f1o complejo, poder reflexionar ante este presente de crisis sanitaria, econ\u00f3mica y social y poner direcci\u00f3n a la edici\u00f3n n\u00famero 40\u00b0 que quiera dios se pueda celebrar en el mes de mayo del a\u00f1o 2.021.<\/strong><\/em><\/span><\/p>\n<p><span style=\"color: #000000;\"><em>Cuando se declar\u00f3 la pandemia en marzo de 2.020 <strong>a la ganader\u00eda se la declar\u00f3 Actividad Esencial y ello le ah permitido sostener de manera un poco mejor que al resto de las actividades, la debacle econ\u00f3mica que a transitado el pa\u00eds en estos 8 meses. <\/strong><\/em><em>Aqu\u00ed pudimos mantener los remates de feria con todos los protocolos y les agradezco a las empresas consignatarias la predisposici\u00f3n.<\/em><\/span><\/p>\n<p><span style=\"color: #000000;\"><em>Es evidente que con <strong>las medidas adoptadas a nivel nacional no nos ha ido bien, pero no estamos aqu\u00ed solamente para quedarnos en el diagn\u00f3stico,<\/strong> sino para mirar, escuchar, implementar pol\u00edticas p\u00fablicas que permitan sortear los principales desaf\u00edos que nos aquejan.<\/em><\/span><\/p>\n<p><em>A la situaci\u00f3n reinante se le debe sumar la enorme sequ\u00eda que ha afectado a nuestros campos y obligado a reducir stocks especialmente de madres. En este contexto se hace m\u00e1s n<strong>ecesario mantener los caminos ganaderos, la picadas contrafuegos,<\/strong> actividad que se est\u00e1 realizando por parte de Vialidad Provincial, con el enripiado de la Ruta 206 y el Municipio con el servicio de motoniveladora a tarifa subsidiada.<\/em><\/p>\n<p><em>En la presente campa\u00f1a, que ha sido at\u00edpica tambi\u00e9n <strong>se han limpiado m\u00e1s de 600 kil\u00f3metros de picadas en todo el departamento.<\/strong> Continuaremos asistiendo al sector de esta forma.<\/em><\/p>\n<p><em>Si bien corresponde a la provincia, no quiero dejar de agradecer a la Secretar\u00eda de Obras P\u00fablicas el d<strong>esarrollo de la electricidad monofilar. Es clave ponerle calidad y hacer competitivos a nuestros campos<\/strong> a partir de que tengan infraestructura para <strong>poder trabajar y vivir con mejor calidad de vida los puesteros.<\/strong><\/em><\/p>\n<p><em>Hay dos herramientas estructurales, la cantidad de l\u00edneas monofilares que se han hecho en el departamento y en San Rafael y Malarg\u00fce, como tambi\u00e9n el <strong>acueducto ganadero Bowen \u2013 Canalejas.<\/strong><\/em><\/p>\n<p><em><strong>En materia agr\u00edcola atravesamos otra campa\u00f1a complicada por el efecto de las heladas<\/strong>. El estado municipal ha puesto el foco en agua con la extensi\u00f3n de la crisis h\u00eddrica que lleva m\u00e1s de 11 a\u00f1os por el conflicto eterno con la provincia de La Pampa por el R\u00edo Atuel, y <strong>de all\u00ed el programa de recuperaci\u00f3n de pozos de riego.<\/strong><\/em><\/p>\n<p><em>En ese marco de pandemia, hemos decidido n<strong>o realizar la Fiesta Departamental de la Vendimia y destinar esos recursos a potenciar la recuperaci\u00f3n de pozos a trav\u00e9s de los consorcios de riego.<\/strong><\/em><\/p>\n<p><em>Por otra parte, el Municipio sigue asistiendo con programas tradicionales como la e<strong>ntrega de plantines de alta calidad<\/strong>. Este a\u00f1o se entregar\u00e1n 750.000 de primera calidad gen\u00e9tica. Y otra parte, una herramienta que es \u00fanica en Mendoza, una vez m\u00e1s han sido aprobados los f<strong>ideicomisos con garant\u00eda de la coparticipaci\u00f3n municipal para acompa\u00f1ar a los peque\u00f1os productores que no son sujeto de cr\u00e9dito.<\/strong><\/em><\/p>\n<p><em>En esta compleja realidad que atraviesa la econom\u00eda departamental, especialmente el sector agr\u00edcola se observa en nuestra geograf\u00eda irrigada una persistente reconversi\u00f3n a pasturas, en particular alfalfa. Desde ya que<strong> si queremos producir prote\u00edna animal necesitamos comida, necesitamos forrajes, por lo que la complementariedad de la zona bajo riego con la de secano seguramente se profundizar\u00e1 en los pr\u00f3ximos a\u00f1os.<\/strong><\/em><\/p>\n<p><em>Abro una pregunta de una persona ne\u00f3fita en esta materia \u00bf<strong>No ser\u00e1 tiempo que nuestro campo de secano deje de ser solo para cr\u00eda y se ponga el acento tambi\u00e9n en la recr\u00eda y en el manejo m\u00e1s adecuado de la carga animal por hect\u00e1rea, independientemente del ciclo de lluvias?<\/strong> Es s\u00f3lo un pensamiento en voz alta.<\/em><\/p>\n<p><em>Hemos dicho hasta el hartazgo este a\u00f1o 2.020 es muy particular, por eso no puedo dejar de reflexionar en estos minutos los temas estructurales que afectan al desarrollo de nuestro departamento y que compartimos seguramente con la C\u00e1mara de Comercio. <\/em><em>Est\u00e1n permanentemente en la agenda p\u00fablica y buscan convertirse en pol\u00edticas de estado. Por eso encaramos en 2.018 el Plan Estrat\u00e9gico 2.030 que hoy se encuentra en revisi\u00f3n como consecuencia de la pandemia.<\/em><\/p>\n<p><em><strong>Se ha agregado una profundizaci\u00f3n del Plan de Ordenamiento Territorial local<\/strong> que exige la Ley Provincial de Uso del Suelo y Ordenamiento Territorial. Tiene efecto directo en la vida diaria de cada alvearense, porque estamos hablando de hacia d\u00f3nde va a crecer l Ciudad, que impacto va a tener sobre la zona productiva, sobre la ruralidad, donde crecer\u00e1n en los pr\u00f3ximos a\u00f1os las \u00e1reas industriales y de servicios.<\/em><\/p>\n<p><em>Como nos involucraremos de lleno en la <strong>econom\u00eda del conocimiento, en el fomento de los microemprendedores, en el Emprendedurismo y en la generaci\u00f3n de empresas de triple impacto. \u00a0<\/strong>\u00a0<\/em><\/p>\n<p><em>A ello se le agrega una agenda de la regi\u00f3n sur de Mendoza, <strong>la Ruta 188 Alvear \u2013 San Rafael \u2013 Malarg\u00fce<\/strong>. Sabemos de la situaci\u00f3n dif\u00edcil en la que est\u00e1, el conflicto judicializado y en el a\u00f1o 2.021 con escasos recursos en el presupuesto nacional.<\/em><\/p>\n<p><em><strong>El ferrocarril Sarmiento, su restablecimiento entre Realic\u00f3 y General Alvear<\/strong> en una primera etapa, para avanzar en una segunda hoy en estudio para llegar a Malarg\u00fce pasando por Monte Com\u00e1n y Pedro Vargas. Aqu\u00ed el trabajo avanza a paso firme entre el Consorcio Ferroviario Uni\u00f3n \u2013 Pac\u00edfico, la UTE conformada por empresas chinas, una empresa argentina y el estado nacional.<\/em><\/p>\n<p><em>A esto agregamos que s<strong>eguimos trabajando en el desarrollo de un Hub Log\u00edstico de Camiones y un Aeropuerto de Cargas, donde hoy gracias a la bioplanta que ISCAMEN est\u00e1 instalando en General Alvear podemos pensar en vuelos efectivos de distribuci\u00f3n de la Mosca a corto plazo.<\/strong><\/em><\/p>\n<p><em>Estas tres herramientas definen una estrategia de desarrollo basada en la log\u00edstica y el transporte para los pr\u00f3ximos 30 a\u00f1os del departamento.<\/em><\/p>\n<p><em><strong>El gas natural para San Rafael y Alvear<\/strong> que ha conseguido aprobaci\u00f3n para un presupuesto trianual y esperemos que se pueda ejecutar. <strong>Una l\u00ednea de 132 KV de distribuci\u00f3n de energ\u00eda el\u00e9ctrica que cierre el anillo de San Rafael y Alvear<\/strong>, completan elementos estrat\u00e9gicos para el desarrollo local y regional.<\/em><\/p>\n<p><strong><em>Al se\u00f1or presidente Alberto Fern\u00e1ndez, con todo respeto, le pido que haga respetar la Constituci\u00f3n Nacional y el derecho a la propiedad privada, siendo categ\u00f3rico en que la ocupaci\u00f3n de terrenos no es el camino a seguir para poner de pie a Argentina.<\/em><\/strong><\/p>\n<p><strong><em>Alvear y Argentina toda bien se merecen de nuestro mayor esfuerzo y sacrificio, asique dejo formalmente inaugura la 39\u00b0 Fiesta Nacional de la Ganader\u00eda de Zonas \u00c1ridas\u201d.<\/em><\/strong><\/p>\n<p><a href=\"http:\/\/vinasfm.com\/noticias\/wp-content\/uploads\/2020\/10\/649a369b-c340-4acd-acfc-85e6b2fc8d70.jpg\"><img loading=\"lazy\" decoding=\"async\" class=\"alignnone size-full wp-image-79795\" src=\"http:\/\/vinasfm.com\/noticias\/wp-content\/uploads\/2020\/10\/649a369b-c340-4acd-acfc-85e6b2fc8d70.jpg\" alt=\"\" width=\"1280\" height=\"720\" srcset=\"https:\/\/vinasfm.com\/noticias\/wp-content\/uploads\/2020\/10\/649a369b-c340-4acd-acfc-85e6b2fc8d70.jpg 1280w, https:\/\/vinasfm.com\/noticias\/wp-content\/uploads\/2020\/10\/649a369b-c340-4acd-acfc-85e6b2fc8d70-300x169.jpg 300w, https:\/\/vinasfm.com\/noticias\/wp-content\/uploads\/2020\/10\/649a369b-c340-4acd-acfc-85e6b2fc8d70-1024x576.jpg 1024w, https:\/\/vinasfm.com\/noticias\/wp-content\/uploads\/2020\/10\/649a369b-c340-4acd-acfc-85e6b2fc8d70-768x432.jpg 768w, https:\/\/vinasfm.com\/noticias\/wp-content\/uploads\/2020\/10\/649a369b-c340-4acd-acfc-85e6b2fc8d70-1140x641.jpg 1140w\" sizes=\"auto, (max-width: 1280px) 100vw, 1280px\" \/><\/a><\/p>\n<h5><em>A.C. (F.M. Vi\u00f1as).<\/em><\/h5>\n","protected":false},"excerpt":{"rendered":"<p>Hoy comenz\u00f3 la 39\u00b0 Fiesta Nacional de la Ganader\u00eda de Zonas \u00c1ridas, evento que este a\u00f1o se ver\u00e1 condicionado por la &#8230;<\/p>\n","protected":false},"author":7,"featured_media":79790,"comment_status":"open","ping_status":"open","sticky":false,"template":"","format":"standard","meta":{"footnotes":""},"categories":[5,28],"tags":[],"class_list":["post-79776","post","type-post","status-publish","format-standard","has-post-thumbnail","hentry","category-actualidad","category-fiesta-nacional-de-la-ganaderia"],"_links":{"self":[{"href":"https:\/\/vinasfm.com\/noticias\/wp-json\/wp\/v2\/posts\/79776","targetHints":{"allow":["GET"]}}],"collection":[{"href":"https:\/\/vinasfm.com\/noticias\/wp-json\/wp\/v2\/posts"}],"about":[{"href":"https:\/\/vinasfm.com\/noticias\/wp-json\/wp\/v2\/types\/post"}],"author":[{"embeddable":true,"href":"https:\/\/vinasfm.com\/noticias\/wp-json\/wp\/v2\/users\/7"}],"replies":[{"embeddable":true,"href":"https:\/\/vinasfm.com\/noticias\/wp-json\/wp\/v2\/comments?post=79776"}],"version-history":[{"count":3,"href":"https:\/\/vinasfm.com\/noticias\/wp-json\/wp\/v2\/posts\/79776\/revisions"}],"predecessor-version":[{"id":79873,"href":"https:\/\/vinasfm.com\/noticias\/wp-json\/wp\/v2\/posts\/79776\/revisions\/79873"}],"wp:featuredmedia":[{"embeddable":true,"href":"https:\/\/vinasfm.com\/noticias\/wp-json\/wp\/v2\/media\/79790"}],"wp:attachment":[{"href":"https:\/\/vinasfm.com\/noticias\/wp-json\/wp\/v2\/media?parent=79776"}],"wp:term":[{"taxonomy":"category","embeddable":true,"href":"https:\/\/vinasfm.com\/noticias\/wp-json\/wp\/v2\/categories?post=79776"},{"taxonomy":"post_tag","embeddable":true,"href":"https:\/\/vinasfm.com\/noticias\/wp-json\/wp\/v2\/tags?post=79776"}],"curies":[{"name":"wp","href":"https:\/\/api.w.org\/{rel}","templated":true}]}}