{"id":79762,"date":"2020-10-30T07:16:51","date_gmt":"2020-10-30T10:16:51","guid":{"rendered":"http:\/\/vinasfm.com\/noticias\/?p=79762"},"modified":"2020-10-30T11:16:00","modified_gmt":"2020-10-30T14:16:00","slug":"matricula-gratuita-para-egresados-de-colegios-tecnicos","status":"publish","type":"post","link":"https:\/\/vinasfm.com\/noticias\/matricula-gratuita-para-egresados-de-colegios-tecnicos\/","title":{"rendered":"MATR\u00cdCULA GRATUITA PARA EGRESADOS DE COLEGIOS T\u00c9CNICOS"},"content":{"rendered":"<h4>El Colegio de T\u00e9cnicos de Mendoza dispuso matricular gratuitamente por el primer a\u00f1o calendario a todos los egresados de establecimientos educativos t\u00e9cnicos.<\/h4>\n<p>Desde el lunes pasado, gracias al proyecto Matr\u00edcula Joven, el Colegio de T\u00e9cnicos de Mendoza brinda la posibilidad de<strong> matricular en forma gratuita y por el primer a\u00f1o calendario a los egresados de los establecimientos educativos t\u00e9cnicos de la provincia<\/strong> que se adecuen a lo aprobado seg\u00fan Resoluci\u00f3n 240.20. Esto ofrecer\u00e1 a los egresados t\u00e9cnicos la posibilidad de ampliar sus oportunidades laborales y de insertarse en el mundo del trabajo con t\u00edtulo profesional.<\/p>\n<p>Carlos Daparo, director de Educaci\u00f3n T\u00e9cnica y Trabajo, coment\u00f3 que \u201ceste es un trabajo que venimos realizando en conjunto entre el Colegio de T\u00e9cnicos de Mendoza y la Direcci\u00f3n, pensando en que nuestros p<strong>r\u00f3ximos egresados puedan r\u00e1pidamente salir al mundo del trabajo<\/strong>. Con el Colegio de T\u00e9cnicos hab\u00edamos hecho el pedido correspondiente y as\u00ed sali\u00f3 la resoluci\u00f3n, permiti\u00e9ndole a los alumnos inscribirse y obtener su matr\u00edcula para poder ejercer la profesi\u00f3n con un a\u00f1o sin cuota de inscripci\u00f3n y el primer a\u00f1o gratis. Esto es un logro para la provincia de Mendoza y la educaci\u00f3n t\u00e9cnica\u201d.<\/p>\n<p>Claudio Dagne, presidente del Colegio de T\u00e9cnicos de la Construcci\u00f3n e Industria de la Provincia de Mendoza, declar\u00f3 que \u201cgracias a este proyecto denominado Matr\u00edcula Joven, el egresado no va a tener que pagar absolutamente nada, se le va a brindar el n\u00famero y el carnet profesional y esto le va a generar muchas oportunidades laborales al poder insertarse en el mundo del trabajo con su t\u00edtulo profesional\u201d.<\/p>\n<p>\u201cTambi\u00e9n, <strong>en forma paralela se les entregar\u00e1n certificaciones simples para que puedan registrarse en distintos \u00e1mbitos del gobierno e instituciones<\/strong>, como la Subsecretar\u00eda de Trabajo o el Poder Judicial de la provincia, donde se registran para poder realizar labores de pericias judiciales dentro de su especialidad; <strong>tambi\u00e9n certificados simples para presentar ante Ecogas o ante la DGE para que puedan ejercer la docencia<\/strong>\u201d, inform\u00f3 el titular del CTM. \u201cA trav\u00e9s de esta certificaci\u00f3n se avala que est\u00e9 obtenido el t\u00edtulo, que est\u00e9 matriculado. Es una noticia in\u00e9dita, positiva. El tema econ\u00f3mico no va a ser un impedimento para que los estudiantes j\u00f3venes puedan desarrollar su actividad profesional en el \u00e1mbito de la provincia\u201d, a\u00f1adi\u00f3 Dagne.<\/p>\n<p>El Colegio de T\u00e9cnicos de la Construcci\u00f3n e Industria de la Provincia de Mendoza es una instituci\u00f3n creada por ley provincial en el a\u00f1o 2000 y el gobierno provincial le otorga la potestad de, entre otras cosas, matricular a todos los egresados t\u00e9cnicos de la provincia, a todas las especialidades t\u00e9cnicas, tanto de educaci\u00f3n secundaria y educaci\u00f3n superior, como a todas aquellas tecnicaturas que se dictan en el \u00e1mbito universitario. Cabe destacar que es el primer colegio profesional que brinda la matr\u00edcula totalmente gratuita y por el lapso del primer a\u00f1o calendario a los egresados t\u00e9cnicos.<\/p>\n<h5><em><strong>A.C.<\/strong><\/em><\/h5>\n","protected":false},"excerpt":{"rendered":"<p>El Colegio de T\u00e9cnicos de Mendoza dispuso matricular gratuitamente por el primer a\u00f1o calendario a todos los egresados de establecimientos educativos &#8230;<\/p>\n","protected":false},"author":7,"featured_media":44147,"comment_status":"open","ping_status":"open","sticky":false,"template":"","format":"standard","meta":{"footnotes":""},"categories":[5,74],"tags":[],"class_list":["post-79762","post","type-post","status-publish","format-standard","has-post-thumbnail","hentry","category-actualidad","category-dge"],"_links":{"self":[{"href":"https:\/\/vinasfm.com\/noticias\/wp-json\/wp\/v2\/posts\/79762","targetHints":{"allow":["GET"]}}],"collection":[{"href":"https:\/\/vinasfm.com\/noticias\/wp-json\/wp\/v2\/posts"}],"about":[{"href":"https:\/\/vinasfm.com\/noticias\/wp-json\/wp\/v2\/types\/post"}],"author":[{"embeddable":true,"href":"https:\/\/vinasfm.com\/noticias\/wp-json\/wp\/v2\/users\/7"}],"replies":[{"embeddable":true,"href":"https:\/\/vinasfm.com\/noticias\/wp-json\/wp\/v2\/comments?post=79762"}],"version-history":[{"count":1,"href":"https:\/\/vinasfm.com\/noticias\/wp-json\/wp\/v2\/posts\/79762\/revisions"}],"predecessor-version":[{"id":79763,"href":"https:\/\/vinasfm.com\/noticias\/wp-json\/wp\/v2\/posts\/79762\/revisions\/79763"}],"wp:featuredmedia":[{"embeddable":true,"href":"https:\/\/vinasfm.com\/noticias\/wp-json\/wp\/v2\/media\/44147"}],"wp:attachment":[{"href":"https:\/\/vinasfm.com\/noticias\/wp-json\/wp\/v2\/media?parent=79762"}],"wp:term":[{"taxonomy":"category","embeddable":true,"href":"https:\/\/vinasfm.com\/noticias\/wp-json\/wp\/v2\/categories?post=79762"},{"taxonomy":"post_tag","embeddable":true,"href":"https:\/\/vinasfm.com\/noticias\/wp-json\/wp\/v2\/tags?post=79762"}],"curies":[{"name":"wp","href":"https:\/\/api.w.org\/{rel}","templated":true}]}}