{"id":79724,"date":"2020-10-30T10:30:57","date_gmt":"2020-10-30T13:30:57","guid":{"rendered":"http:\/\/vinasfm.com\/noticias\/?p=79724"},"modified":"2020-10-31T11:54:01","modified_gmt":"2020-10-31T14:54:01","slug":"el-descargo-de-ignacio-gili-luego-de-ser-involucrado-en-un-polemico-caso-de-doping-positivo","status":"publish","type":"post","link":"https:\/\/vinasfm.com\/noticias\/el-descargo-de-ignacio-gili-luego-de-ser-involucrado-en-un-polemico-caso-de-doping-positivo\/","title":{"rendered":"EL DESCARGO DE IGNACIO GILI LUEGO DE SER INVOLUCRADO EN UN POL\u00c9MICO CASO DE DOPING POSITIVO"},"content":{"rendered":"<h4><span style=\"color: #000000;\"><strong>Ignacio Gili qued\u00f3 envuelto en un esc\u00e1ndalo luego de conocerse que Paula Quir\u00f3s fue suspendida<\/strong>\u00a0provisoriamente\u00a0por la Uni\u00f3n Ciclista Internacional (UCI),\u00a0<strong>ya que se habr\u00edan constatado rastros de eritropoyetina (EPO) en una muestra tomada en marzo<\/strong>\u00a0durante la Copa Internacional de ciclismo de monta\u00f1a.<\/span><\/h4>\n<p><span style=\"color: #000000;\">A trav\u00e9s de sus redes sociales, el exol\u00edmpico dio su versi\u00f3n de los hechos en un comunicado <strong>dirigido a la opini\u00f3n p\u00fablica y a los medios de comunicaci\u00f3n<\/strong>:<\/span><\/p>\n<p><span style=\"color: #000000;\">&#8216;<em>Ante los hechos que son de dominio p\u00fablico, en los que se me acusa de haberle suministrado sustancia prohibida a una atleta que yo dirig\u00eda, es mi deber como hombre del deporte dar mi versi\u00f3n sobre lo realmente sucedido.<\/em><\/span><\/p>\n<p><span style=\"color: #000000;\"><em>Que es cierto que para el mes de enero del corriente a\u00f1o en ocasi\u00f3n de realizar entrenamiento en altura, y de esto asumo la total responsabilidad, aconsej\u00e9 y suministr\u00e9 a la atleta una inyecci\u00f3n de b 12 y hierro, con el objeto de que pudiera fortalecer su sistema inmunol\u00f3gico.<\/em><\/span><\/p>\n<p><span style=\"color: #000000;\"><em>Que mi responsabilidad la asumo al haber suministrado medicamento no siendo profesional de la medicina, pero por mi estado de salud es lo que siempre me coloco y cre\u00ed que iba a ayudar a la mejor recuperaci\u00f3n ante el esfuerzo.<\/em><\/span><\/p>\n<p><span style=\"color: #000000;\"><em>Que conforme lo manifestado por la atleta fue en esa ocasi\u00f3n que le suministr\u00e9 esa medicina contaminada, ahora bien, los an\u00e1lisis de antidoping se hicieron en el mes de marzo, en Brasil, ocasi\u00f3n en que ella estaba acompa\u00f1ada por toda su familia, y yo como asistente y entrenador.<\/em><\/span><\/p>\n<p><span style=\"color: #000000;\"><em>Que si bien la acompa\u00f1\u00e9 y le aconsej\u00e9 sobre todo el plan de entrenamiento, jam\u00e1s le suministre ning\u00fan programa de la sustancia que apareci\u00f3 en su an\u00e1lisis antidoping, y menos aun puede salir en el an\u00e1lisis casi tres meses despu\u00e9s de la colocaci\u00f3n de la vitamina (por m\u00e1s que hubiese estado contaminada).<\/em><\/span><\/p>\n<p><span style=\"color: #000000;\"><em>Que por honor y para que la familia y autoridades no tuviesen reproches con la deportista a quien aprecio, refer\u00ed ante su se\u00f1or padre que me hac\u00eda cargo de toda responsabilidad y consecuencia, ahora bien, no pens\u00e9 que este gesto fuese tomado con tanta sa\u00f1a, pretendiendo ser quien tenga la responsabilidad que no tengo, la atleta tiene 31 a\u00f1os, no conviv\u00eda conmigo, es plenamente responsable de sus actos, jam\u00e1s le suministr\u00e9 mas all\u00e1 de esa oportunidad sustancia alguna, y la misma no era medicina prohibida o dopante. <\/em><\/span><\/p>\n<p><span style=\"color: #000000;\"><em>Me encuentro a plena disposici\u00f3n para salvaguarda de mi buen nombre y honor en este deporte que amo, no tengo responsabilidad alguna en las acciones de mi dirigida, y ocurrir\u00e9 ante la justicia para deslindar toda responsabilidad<\/em>&#8216;, finaliza el comunicado.<\/span><\/p>\n<p><span style=\"color: #000000;\">Por su parte, Quir\u00f3s manifest\u00f3 ante la prensa: <strong>\u00ab<em>No lo puedo creer.\u00a0Es dur\u00edsimo<\/em><\/strong><em>, pero me hace darme cuenta de que hay que saber elegir bien a un entrenador, sea como sea la situaci\u00f3n termina siendo en parte mi responsabilidad.\u00a0<\/em><strong><em>Lo peor de todo es pensar que no s\u00e9 si fue s\u00f3lo esa vez, ya dudo de todo. Lo m\u00e1s seguro es que me suspendan y hay esperar que sea m\u00ednimo<\/em>\u00ab<\/strong>, continu\u00f3.<\/span><\/p>\n<p><span style=\"color: #000000;\"><strong>Luego cont\u00f3 que Gili le manda mensajes \u00aba cada rato\u00bb para pedirle disculpas y revel\u00f3 que llevar\u00e1n la situaci\u00f3n hasta las \u00faltimas consecuencias:<\/strong>\u00a0\u00ab<em>Tengo el apoyo de la Facimo, que me est\u00e1n ayudando con abogados y los comisarios deportivos van a hacer una denuncia desde su lugar porque es ilegal lo que \u00e9l hizo.<\/em><strong><em>\u00a0A \u00e9l seguramente lo van a suspender de por vida y hasta puede ir preso<\/em>\u00ab.<\/strong><\/span><\/p>\n<h5><span style=\"color: #000000;\">\u2022F.B.<\/span><\/h5>\n","protected":false},"excerpt":{"rendered":"<p>Ignacio Gili qued\u00f3 envuelto en un esc\u00e1ndalo luego de conocerse que Paula Quir\u00f3s fue suspendida\u00a0provisoriamente\u00a0por la Uni\u00f3n Ciclista Internacional (UCI),\u00a0ya que &#8230;<\/p>\n","protected":false},"author":8,"featured_media":79725,"comment_status":"open","ping_status":"open","sticky":false,"template":"","format":"standard","meta":{"footnotes":""},"categories":[5,3],"tags":[],"class_list":["post-79724","post","type-post","status-publish","format-standard","has-post-thumbnail","hentry","category-actualidad","category-deportes"],"_links":{"self":[{"href":"https:\/\/vinasfm.com\/noticias\/wp-json\/wp\/v2\/posts\/79724","targetHints":{"allow":["GET"]}}],"collection":[{"href":"https:\/\/vinasfm.com\/noticias\/wp-json\/wp\/v2\/posts"}],"about":[{"href":"https:\/\/vinasfm.com\/noticias\/wp-json\/wp\/v2\/types\/post"}],"author":[{"embeddable":true,"href":"https:\/\/vinasfm.com\/noticias\/wp-json\/wp\/v2\/users\/8"}],"replies":[{"embeddable":true,"href":"https:\/\/vinasfm.com\/noticias\/wp-json\/wp\/v2\/comments?post=79724"}],"version-history":[{"count":2,"href":"https:\/\/vinasfm.com\/noticias\/wp-json\/wp\/v2\/posts\/79724\/revisions"}],"predecessor-version":[{"id":79730,"href":"https:\/\/vinasfm.com\/noticias\/wp-json\/wp\/v2\/posts\/79724\/revisions\/79730"}],"wp:featuredmedia":[{"embeddable":true,"href":"https:\/\/vinasfm.com\/noticias\/wp-json\/wp\/v2\/media\/79725"}],"wp:attachment":[{"href":"https:\/\/vinasfm.com\/noticias\/wp-json\/wp\/v2\/media?parent=79724"}],"wp:term":[{"taxonomy":"category","embeddable":true,"href":"https:\/\/vinasfm.com\/noticias\/wp-json\/wp\/v2\/categories?post=79724"},{"taxonomy":"post_tag","embeddable":true,"href":"https:\/\/vinasfm.com\/noticias\/wp-json\/wp\/v2\/tags?post=79724"}],"curies":[{"name":"wp","href":"https:\/\/api.w.org\/{rel}","templated":true}]}}