{"id":79718,"date":"2020-10-30T07:12:29","date_gmt":"2020-10-30T10:12:29","guid":{"rendered":"http:\/\/vinasfm.com\/noticias\/?p=79718"},"modified":"2020-11-01T23:35:31","modified_gmt":"2020-11-02T02:35:31","slug":"condenan-a-una-de-las-redes-narco-mas-grandes-del-sur-mendocino","status":"publish","type":"post","link":"https:\/\/vinasfm.com\/noticias\/condenan-a-una-de-las-redes-narco-mas-grandes-del-sur-mendocino\/","title":{"rendered":"CONDENAN A UNA DE LAS REDES NARCO M\u00c1S GRANDES DEL SUR MENDOCINO"},"content":{"rendered":"<h4><span style=\"color: #000000;\"><strong>La mayor\u00eda son personajes conocidos en el mundo delictivo narco del Sur provincial. Se trata de varones y mujeres que fueron investigados durante meses, luego de denuncias an\u00f3nimas por diversas transacciones de estupefacientes durante el 2017 y el 2018.<\/strong><\/span><\/h4>\n<p><span style=\"color: #000000;\">La causa principal se destac\u00f3 por negocios y <strong>transporte de drogas en importantes cantidades desde el Gran Mendoza hasta General Alvear<\/strong>.<\/span><\/p>\n<p><span style=\"color: #000000;\">En total, 16 acusados llegaron a juicio oral despu\u00e9s de una acumulaci\u00f3n de diversos expedientes. Y\u2008hasta uno falleci\u00f3 antes de sentarse en banquillo de los acusados del Tribunal Oral Federal N\u00ba2.<\/span><\/p>\n<p><span style=\"color: #000000;\">Este mi\u00e9rcoles, despu\u00e9s de semanas de proceso, trece de ellos terminaron sentenciados a penas que van desde los tres a\u00f1os en suspenso a los 15 a\u00f1os por el comercio de estupefacientes, tres fueron absueltos y a una joven le declararon la responsabilidad penal porque, al momento de cometerse los hechos, era menor de edad.<\/span><\/p>\n<p><span style=\"color: #000000;\">Los mayores culpables de los movimientos de estupefacientes fueron dos hombres identificados como <strong>Roberto Valent\u00edn Orellana y Luciano Ren\u00e9 Urquiza<\/strong>, ambos nacidos en General Alvear hace 35 y 32 a\u00f1os, respectivamente.<\/span><\/p>\n<p><span style=\"color: #000000;\"><strong>Despu\u00e9s de ser detenidos en abril del 2018 por la llamada causa \u201cmadre\u201d, continuaron con el comercio de sustancias ilegales mientras se encontraban en la c\u00e1rcel de San Rafael utilizando diversos mecanimos y personas con quienes maten\u00edan contacto a trav\u00e9s de tel\u00e9fonos celulares.<\/strong><\/span><\/p>\n<p><span style=\"color: #000000;\">Se trata de quienes recibieron las penas m\u00e1s altas de los jueces Roberto Nacif, H\u00e9ctor Cort\u00e9s y Mar\u00eda Paula Marisi: Orellana fue sentenciado a <strong>15 a\u00f1os de prisi\u00f3n<\/strong> por diversos hechos (le declararon la reincidencia) y Urquiza a <strong>8 a\u00f1os de encierro<\/strong> (ten\u00eda una condena previa de seis meses de cumplimiento condicional y el tribunal unific\u00f3 ambas penas en 8 a\u00f1os y dos meses).<\/span><\/p>\n<p><span style=\"color: #000000;\">No s\u00f3lo estos dos sujetos seguir\u00e1n en la c\u00e1rcel: los magistrados sentenciaron a Luc\u00eda Teresa Ram\u00edrez, conocida como la Chilena y ex integrante de la banda de Marcelo Araya, y a su compa\u00f1ero de andanzas, Jos\u00e9 Luis N\u00fa\u00f1ez Gonz\u00e1lez, a siete a\u00f1os de c\u00e1rcel, <strong>tal como hab\u00eda solicitado la representante del Ministerio P\u00fablico, Mar\u00eda Gloria Andr\u00e9, durante los alegatos en todos los casos.<\/strong><\/span><\/p>\n<p><span style=\"color: #000000;\">En esa causa inicial tambi\u00e9n estaba procesado Jos\u00e9 Alfredo Arga\u00f1araz, un jubilado nacido en 1950, pero no particip\u00f3 en el proceso porque muri\u00f3 meses despu\u00e9s de su captura.<\/span><\/p>\n<h4><span style=\"color: #000000;\"><strong>La punta del ovillo<\/strong><\/span><\/h4>\n<p><span style=\"color: #000000;\">De acuerdo con la investigaci\u00f3n que lider\u00f3 la Polic\u00eda contra el Narcotr\u00e1fico de la Provincia (PCN), todo comenz\u00f3 cuando se recibi\u00f3 una informaci\u00f3n que sosten\u00eda que un hombre oriundo de Carmensa, General Alvear, identificado con el alias de <strong>\u00abLuchi\u00bb\u2008(Luciano Urquiza), se dedicaba a traer estupefacientes desde el Gran Mendoza a su tierra con la ayuda de algunos conocidos<\/strong>. El dato agregaba que este hombre contaba con algunos amigos taxistas para la distribuci\u00f3n y la comercializaci\u00f3n de las sustancias.<\/span><\/p>\n<p><span style=\"color: #000000;\">Se iniciaron trabajos de campo y escuchas telef\u00f3nicas que sirvieron para confirmar que se estaba ante un hombre que manten\u00eda contacto directo con proveedores y socios que tambi\u00e9n eran parte del negocio.<\/span><\/p>\n<p><span style=\"color: #000000;\">De las escuchas se desprendi\u00f3 que el \u00abLuchi\u00bb Urquiza hablaba con el hombre que le consegu\u00eda la droga y le comentaba, entre otras palabras, <strong>\u201cestoy corto de efectivo y no s\u00e9 si voy a llegar a cien lucas\u201d; encontrando como respuesta si va a necesitar \u201cvino tinto o vino blanco\u201d, respondiendo \u201cde las dos\u201d. Para los sabuesos, se hablaba de coca\u00edna y marihuana.<\/strong><\/span><\/p>\n<p><span style=\"color: #000000;\">Con el paso del tiempo, los investigadores de la PCN identificaron a otro sospechoso, Roberto Valent\u00edn Orellana, tambi\u00e9n con base en el departamento sure\u00f1o. Y\u2008en abril del 2018 supieron que un cargamento de drogas iba a llegar desde Mendoza en un transporte p\u00fablico y este sujeto ten\u00eda una participaci\u00f3n clave como nexo.<\/span><\/p>\n<p><span style=\"color: #000000;\">La droga iba oculta en un colectivo de una empresa privada y el responsable de transportarla era Arga\u00f1araz. Al mismo tiempo, <strong>ven\u00eda siendo custodiado por un auto de alta gama oscuro en el que viajaban la Chilena Ram\u00edrez y Jos\u00e9 Luis N\u00fa\u00f1ez.\u2008Este \u00faltimo, lo hac\u00eda al volante.<\/strong><\/span><\/p>\n<p><span style=\"color: #000000;\">As\u00ed, el s\u00e1bado 7 de abril a las 2, los polic\u00edas de la PCN sorprendieron a Arga\u00f1araz cuando se baj\u00f3 en la parada de la ruta 143, y Guill\u00e9n, en el paraje La Olla, en el distrito Real del Padre, en San Rafael. Fue justo cuando este hombre se iba a poner en contacto con los que viajaban en un Audi A6, quienes iban a su encuentro.<\/span><\/p>\n<p><span style=\"color: #000000;\">Cuando requisaron el bolso que tra\u00eda Arga\u00f1araz detectaron m\u00e1s de un kilo y cien gramos de coca\u00edna y 7 kilos de marihuana. Esa droga iba a terminar en manos de los primeros dos sospechosos para ser distrubuida y comercializada en todo el Sur provincial.<\/span><\/p>\n<p><span style=\"color: #000000;\">Con las tres capturas, los pesquisas continuaron los trabajos y terminaron apresando a Orellana (se hab\u00eda ocultado en una caba\u00f1a) y a Urquiza porque ya los ten\u00edan identificados por las escuchas.<\/span><\/p>\n<p><span style=\"color: #000000;\">Esa no fue la \u00faltima causa que les iniciaron a estos dos personajes en la Justicia federal. Mientras pasaban sus d\u00edas en el complejo Penitenciario IV de San Rafael y utilizando tel\u00e9fonos celulares, intervinieron con otras personas en el transporte de 437 gramos de coca\u00edna.<\/span><\/p>\n<p><span style=\"color: #000000;\">Orellana tambi\u00e9n fue investigado en otras causas de tr\u00e1fico mientras estuvo preso, entre el 25 de octubre y 12 de noviembre del 2018, por lo que tambi\u00e9n fue juzgado por esos hechos con otras personas, siempre utilizando el mismo modus operandi.<\/span><\/p>\n<h4><span style=\"color: #000000;\"><strong>Los condenados y sus penas<\/strong><\/span><\/h4>\n<p><strong><span style=\"color: #000000;\">&#8211; Roberto Valent\u00edn Orellana: 15 a\u00f1os de c\u00e1rcel (declaraci\u00f3n de reincidencia).<\/span><\/strong><\/p>\n<p><strong><span style=\"color: #000000;\">&#8211; Luciano Ren\u00e9 Urquiza: 8 a\u00f1os de c\u00e1rcel.<\/span><\/strong><\/p>\n<p><strong><span style=\"color: #000000;\">&#8211; Luc\u00eda Teresa Ram\u00edrez: 7 a\u00f1os de prisi\u00f3n (declaraci\u00f3n de reincidencia).<\/span><\/strong><\/p>\n<p><strong><span style=\"color: #000000;\">&#8211; Jos\u00e9 Luis N\u00fa\u00f1ez: 7 a\u00f1os de prisi\u00f3n (declaraci\u00f3n de reincidencia).<\/span><\/strong><\/p>\n<p><strong><span style=\"color: #000000;\">&#8211; Saulo Alexis Vega, Anal\u00eda Natal\u00ed Fern\u00e1ndez y Ra\u00fal Odilio Fern\u00e1ndez: 3 a\u00f1os de prisi\u00f3n en suspenso como part\u00edcipes secundarios.<\/span><\/strong><\/p>\n<p><strong><span style=\"color: #000000;\">&#8211; Jorge Ricardo Funes Gonz\u00e1lez y J\u00e9sica Natalia Mercado: 4 a\u00f1os y seis meses de encierro (declaraci\u00f3n de reincidencia de Funes).<\/span><\/strong><\/p>\n<p><strong><span style=\"color: #000000;\">&#8211; An\u00edbal \u00c1ngel Crauchuk: 4 a\u00f1os y medio de prisi\u00f3n.<\/span><\/strong><\/p>\n<p><strong><span style=\"color: #000000;\">&#8211; Declaraci\u00f3n de responsabilidad penal para una de las mujeres porque era menor de edad al momento de los hechos, pareja de Orellano. El tribunal entendi\u00f3 que la apliaci\u00f3n de pena era innecesaria.<\/span><\/strong><\/p>\n<p><strong><span style=\"color: #000000;\">&#8211; Franco Diego Miranda: 6 a\u00f1os de prisi\u00f3n.<\/span><\/strong><\/p>\n<p><strong><span style=\"color: #000000;\">&#8211; Elba Emilce Navarro:\u00a03 a\u00f1os de prisi\u00f3n en suspenso.<\/span><\/strong><\/p>\n<p><strong><span style=\"color: #000000;\">&#8211; Tres absueltos por el beneficio de la duda.<\/span><\/strong><\/p>\n","protected":false},"excerpt":{"rendered":"<p>La mayor\u00eda son personajes conocidos en el mundo delictivo narco del Sur provincial. Se trata de varones y mujeres que fueron &#8230;<\/p>\n","protected":false},"author":8,"featured_media":79719,"comment_status":"open","ping_status":"open","sticky":false,"template":"","format":"standard","meta":{"footnotes":""},"categories":[5,4],"tags":[],"class_list":["post-79718","post","type-post","status-publish","format-standard","has-post-thumbnail","hentry","category-actualidad","category-policiales"],"_links":{"self":[{"href":"https:\/\/vinasfm.com\/noticias\/wp-json\/wp\/v2\/posts\/79718","targetHints":{"allow":["GET"]}}],"collection":[{"href":"https:\/\/vinasfm.com\/noticias\/wp-json\/wp\/v2\/posts"}],"about":[{"href":"https:\/\/vinasfm.com\/noticias\/wp-json\/wp\/v2\/types\/post"}],"author":[{"embeddable":true,"href":"https:\/\/vinasfm.com\/noticias\/wp-json\/wp\/v2\/users\/8"}],"replies":[{"embeddable":true,"href":"https:\/\/vinasfm.com\/noticias\/wp-json\/wp\/v2\/comments?post=79718"}],"version-history":[{"count":1,"href":"https:\/\/vinasfm.com\/noticias\/wp-json\/wp\/v2\/posts\/79718\/revisions"}],"predecessor-version":[{"id":79723,"href":"https:\/\/vinasfm.com\/noticias\/wp-json\/wp\/v2\/posts\/79718\/revisions\/79723"}],"wp:featuredmedia":[{"embeddable":true,"href":"https:\/\/vinasfm.com\/noticias\/wp-json\/wp\/v2\/media\/79719"}],"wp:attachment":[{"href":"https:\/\/vinasfm.com\/noticias\/wp-json\/wp\/v2\/media?parent=79718"}],"wp:term":[{"taxonomy":"category","embeddable":true,"href":"https:\/\/vinasfm.com\/noticias\/wp-json\/wp\/v2\/categories?post=79718"},{"taxonomy":"post_tag","embeddable":true,"href":"https:\/\/vinasfm.com\/noticias\/wp-json\/wp\/v2\/tags?post=79718"}],"curies":[{"name":"wp","href":"https:\/\/api.w.org\/{rel}","templated":true}]}}