{"id":79476,"date":"2020-10-27T05:14:47","date_gmt":"2020-10-27T08:14:47","guid":{"rendered":"http:\/\/vinasfm.com\/noticias\/?p=79476"},"modified":"2020-10-27T10:04:19","modified_gmt":"2020-10-27T13:04:19","slug":"que-beneficiarios-de-anses-cobran-sus-haberes-este-martes","status":"publish","type":"post","link":"https:\/\/vinasfm.com\/noticias\/que-beneficiarios-de-anses-cobran-sus-haberes-este-martes\/","title":{"rendered":"QU\u00c9 BENEFICIARIOS DE ANSES COBRAN SUS HABERES ESTE MARTES"},"content":{"rendered":"<h4 style=\"font-weight: 400;\"><span style=\"color: #000000;\"><strong>La ANSES, organismo a cargo de Fernanda Raverta, informa que ma\u00f1ana se abonan jubilaciones, pensiones, Prestaci\u00f3n por Desempleo y Programa Alimentario PAMI.<\/strong><\/span><\/h4>\n<h4 style=\"font-weight: 400;\"><span style=\"color: #000000;\"><strong>Jubilaciones y pensiones del Sistema Integrado Previsional Argentino (SIPA)<\/strong><\/span><\/h4>\n<p style=\"font-weight: 400;\"><span style=\"color: #000000;\">Las sucursales bancarias habilitadas atender\u00e1n por ventanilla solo a los\u00a0jubilados y pensionados con documentos terminados en<strong>\u00a04\u00a0<\/strong>y<strong>\u00a05\u00a0<\/strong>y cuyos<strong>\u00a0haberes SUPEREN\u00a0<\/strong>la suma de $20.374.<\/span><\/p>\n<p style=\"font-weight: 400;\"><span style=\"color: #000000;\">En este sentido, si bien estas personas no tienen que solicitar turno previo para cobrar el beneficio, deben acercarse a la sucursal bancaria \u00fanicamente en la fecha asignada. Cabe recordar que los haberes permanecer\u00e1n depositados en sus cuentas.<\/span><\/p>\n<h4 style=\"font-weight: 400;\"><span style=\"color: #000000;\"><strong>Prestaci\u00f3n por Desempleo<\/strong><\/span><\/h4>\n<p style=\"font-weight: 400;\"><span style=\"color: #000000;\">Este martes cobran la Prestaci\u00f3n por Desempleo las personas cuyos documentos finalizan en <strong>4<\/strong>\u00a0y\u00a0<strong>5<\/strong>.<\/span><\/p>\n<h4 style=\"font-weight: 400;\"><span style=\"color: #000000;\"><strong>Programa Alimentario PAMI<\/strong><\/span><\/h4>\n<p style=\"font-weight: 400;\"><span style=\"color: #000000;\">En el marco del Programa Alimentario PAMI, la ANSES abona este 27 de octubre el tercer pago extraordinario equivalente al monto del bols\u00f3n de alimentos. Para m\u00e1s informaci\u00f3n se puede ingresar a <a style=\"color: #000000;\" href=\"http:\/\/www.pami.org.ar\/programa-alimentario\" data-saferedirecturl=\"https:\/\/www.google.com\/url?q=http:\/\/www.pami.org.ar\/programa-alimentario&amp;source=gmail&amp;ust=1603837378527000&amp;usg=AFQjCNFgzUMURppGlxCEVmk0gvw1qY6htQ\">www.pami.org.ar\/programa-alimentario<\/a>.<\/span><\/p>\n<h5><span style=\"color: #000000;\">\u2022F.B.<\/span><\/h5>\n","protected":false},"excerpt":{"rendered":"<p>La ANSES, organismo a cargo de Fernanda Raverta, informa que ma\u00f1ana se abonan jubilaciones, pensiones, Prestaci\u00f3n por Desempleo y Programa Alimentario &#8230;<\/p>\n","protected":false},"author":8,"featured_media":40733,"comment_status":"open","ping_status":"open","sticky":false,"template":"","format":"standard","meta":{"footnotes":""},"categories":[5,50],"tags":[],"class_list":["post-79476","post","type-post","status-publish","format-standard","has-post-thumbnail","hentry","category-actualidad","category-anses"],"_links":{"self":[{"href":"https:\/\/vinasfm.com\/noticias\/wp-json\/wp\/v2\/posts\/79476","targetHints":{"allow":["GET"]}}],"collection":[{"href":"https:\/\/vinasfm.com\/noticias\/wp-json\/wp\/v2\/posts"}],"about":[{"href":"https:\/\/vinasfm.com\/noticias\/wp-json\/wp\/v2\/types\/post"}],"author":[{"embeddable":true,"href":"https:\/\/vinasfm.com\/noticias\/wp-json\/wp\/v2\/users\/8"}],"replies":[{"embeddable":true,"href":"https:\/\/vinasfm.com\/noticias\/wp-json\/wp\/v2\/comments?post=79476"}],"version-history":[{"count":1,"href":"https:\/\/vinasfm.com\/noticias\/wp-json\/wp\/v2\/posts\/79476\/revisions"}],"predecessor-version":[{"id":79478,"href":"https:\/\/vinasfm.com\/noticias\/wp-json\/wp\/v2\/posts\/79476\/revisions\/79478"}],"wp:featuredmedia":[{"embeddable":true,"href":"https:\/\/vinasfm.com\/noticias\/wp-json\/wp\/v2\/media\/40733"}],"wp:attachment":[{"href":"https:\/\/vinasfm.com\/noticias\/wp-json\/wp\/v2\/media?parent=79476"}],"wp:term":[{"taxonomy":"category","embeddable":true,"href":"https:\/\/vinasfm.com\/noticias\/wp-json\/wp\/v2\/categories?post=79476"},{"taxonomy":"post_tag","embeddable":true,"href":"https:\/\/vinasfm.com\/noticias\/wp-json\/wp\/v2\/tags?post=79476"}],"curies":[{"name":"wp","href":"https:\/\/api.w.org\/{rel}","templated":true}]}}