{"id":79461,"date":"2020-10-27T00:17:37","date_gmt":"2020-10-27T03:17:37","guid":{"rendered":"http:\/\/vinasfm.com\/noticias\/?p=79461"},"modified":"2020-10-28T10:06:24","modified_gmt":"2020-10-28T13:06:24","slug":"alvear-comenzo-la-semana-con-54-nuevos-pacientes-con-covid-19","status":"publish","type":"post","link":"https:\/\/vinasfm.com\/noticias\/alvear-comenzo-la-semana-con-54-nuevos-pacientes-con-covid-19\/","title":{"rendered":"ALVEAR COMENZ\u00d3 LA SEMANA CON 54 NUEVOS PACIENTES CON COVID-19 Y 15 RECUPERADOS"},"content":{"rendered":"<h5><span style=\"color: #000000;\"><strong>De acuerdo al informe suministrado por el Laboratorio Covid Regi\u00f3n Sur, Alvear registr\u00f3 54 nuevos casos positivos de Covid-19 en las \u00faltimas 24 horas, lapso en el que se confirm\u00f3 la recuperaci\u00f3n de 15 pacientes.<\/strong><\/span><\/h5>\n<p><span style=\"color: #000000;\">Al momento, el total de casos acumulados en el\u00a0<i>nosocomio local\u00a0<\/i>es de <strong>716<\/strong>\u00a0<strong>(363 <\/strong><strong>casos\u00a0<\/strong><strong>activos, 340 <\/strong><strong>casos recuperados, 13\u00a0<\/strong><strong>fallecimientos).<\/strong><\/span><\/p>\n<h4 style=\"text-align: center;\"><span style=\"color: #000000;\"><strong>INFORME REGI\u00d3N SUR<\/strong><\/span><\/h4>\n<p><span style=\"color: #000000;\">Este<strong>\u00a0lunes<\/strong>, de los tres departamentos del sur mendocino, se analizaron\u00a0<strong>317 <\/strong><strong>muestras<\/strong>\u00a0de\u00a0<strong>PCR<\/strong>\u00a0de las cuales\u00a0<strong>204 <\/strong><strong>arrojaron resultado positivo<\/strong>,\u00a0<strong>100 <\/strong><strong>negativas y 13 quedaron en proceso de investigaci\u00f3n.<\/strong><\/span><\/p>\n<ul>\n<li><span style=\"color: #000000;\"><strong>GENERAL ALVEAR: 54 (12 con nexo por contacto estrecho, 27 con nexo en investigaci\u00f3n epidemiol\u00f3gica, 4 por serolog\u00eda y 11 por test ant\u00edgeno).<\/strong><\/span><\/li>\n<\/ul>\n<ul>\n<li><span style=\"color: #000000;\"><strong>SAN RAFAEL: 126 (50 <\/strong><strong>con nexo por contacto estrecho, 76 con nexo en investigaci\u00f3n epidemiol\u00f3gica y 41 por test ant\u00edgeno).<\/strong><\/span><\/li>\n<li><span style=\"color: #000000;\"><strong>MALARG\u00dcE: 39 (18 con nexo por contacto estrecho y 21 con nexo en investigaci\u00f3n epidemiol\u00f3gica).<\/strong><\/span><\/li>\n<\/ul>\n<p><span style=\"color: #000000;\"><em>En el reporte se informaron los fallecimientos de tres mujeres: de 69 a\u00f1os (Malarg\u00fce), de 63 a\u00f1os (San Rafael) y 94 a\u00f1os (San Rafael).<\/em><\/span><\/p>\n<p><span style=\"color: #000000;\"><strong>Con estas cifras, San Rafael, Malarg\u00fce y General Alvear cuentan con 3310 casos positivos confirmados de los cuales 1619 se han recuperado y 58 han perdido la vida por Covid-19.<\/strong><\/span><\/p>\n<p><span style=\"color: #000000;\">De los\u00a0<strong>1619 <\/strong>pacientes<strong>\u00a0recuperados desde el comienzo de la pandemia<\/strong>\u00a0en el Sur de Mendoza son:<\/span><\/p>\n<ul>\n<li><span style=\"color: #000000;\"><strong>De<\/strong>\u00a0<strong>San Rafael: 1200 <\/strong><strong>pacientes.<\/strong><\/span><\/li>\n<li><span style=\"color: #000000;\"><strong>D<\/strong><strong>e General Alvear: 340 pacientes.<\/strong><\/span><\/li>\n<li><span style=\"color: #000000;\"><strong>De Malarg\u00fce: 70 pacientes.<\/strong><\/span><\/li>\n<\/ul>\n<h5><span style=\"color: #000000;\">\u2022F.B. (F.M. Vi\u00f1as).<\/span><\/h5>\n","protected":false},"excerpt":{"rendered":"<p>De acuerdo al informe suministrado por el Laboratorio Covid Regi\u00f3n Sur, Alvear registr\u00f3 54 nuevos casos positivos de Covid-19 en las &#8230;<\/p>\n","protected":false},"author":8,"featured_media":37001,"comment_status":"open","ping_status":"open","sticky":false,"template":"","format":"standard","meta":{"footnotes":""},"categories":[5,62],"tags":[],"class_list":["post-79461","post","type-post","status-publish","format-standard","has-post-thumbnail","hentry","category-actualidad","category-coronavirus"],"_links":{"self":[{"href":"https:\/\/vinasfm.com\/noticias\/wp-json\/wp\/v2\/posts\/79461","targetHints":{"allow":["GET"]}}],"collection":[{"href":"https:\/\/vinasfm.com\/noticias\/wp-json\/wp\/v2\/posts"}],"about":[{"href":"https:\/\/vinasfm.com\/noticias\/wp-json\/wp\/v2\/types\/post"}],"author":[{"embeddable":true,"href":"https:\/\/vinasfm.com\/noticias\/wp-json\/wp\/v2\/users\/8"}],"replies":[{"embeddable":true,"href":"https:\/\/vinasfm.com\/noticias\/wp-json\/wp\/v2\/comments?post=79461"}],"version-history":[{"count":2,"href":"https:\/\/vinasfm.com\/noticias\/wp-json\/wp\/v2\/posts\/79461\/revisions"}],"predecessor-version":[{"id":79471,"href":"https:\/\/vinasfm.com\/noticias\/wp-json\/wp\/v2\/posts\/79461\/revisions\/79471"}],"wp:featuredmedia":[{"embeddable":true,"href":"https:\/\/vinasfm.com\/noticias\/wp-json\/wp\/v2\/media\/37001"}],"wp:attachment":[{"href":"https:\/\/vinasfm.com\/noticias\/wp-json\/wp\/v2\/media?parent=79461"}],"wp:term":[{"taxonomy":"category","embeddable":true,"href":"https:\/\/vinasfm.com\/noticias\/wp-json\/wp\/v2\/categories?post=79461"},{"taxonomy":"post_tag","embeddable":true,"href":"https:\/\/vinasfm.com\/noticias\/wp-json\/wp\/v2\/tags?post=79461"}],"curies":[{"name":"wp","href":"https:\/\/api.w.org\/{rel}","templated":true}]}}