{"id":79419,"date":"2020-10-26T09:40:22","date_gmt":"2020-10-26T12:40:22","guid":{"rendered":"http:\/\/vinasfm.com\/noticias\/?p=79419"},"modified":"2020-10-26T20:41:08","modified_gmt":"2020-10-26T23:41:08","slug":"dos-conductores-alcoholizados-protagonizaron-un-accidente-en-carmensa","status":"publish","type":"post","link":"https:\/\/vinasfm.com\/noticias\/dos-conductores-alcoholizados-protagonizaron-un-accidente-en-carmensa\/","title":{"rendered":"DOS CONDUCTORES ALCOHOLIZADOS PROTAGONIZARON UN ACCIDENTE EN CARMENSA"},"content":{"rendered":"<p><span style=\"color: #000000;\"><strong>Durante la tarde de este s\u00e1bado un veh\u00edculo y una camioneta protagonizaron un accidente de tr\u00e1nsito, sin lesionados, en la intersecci\u00f3n de calle 4 y Diagonal Perusse de San Pedro del Atuel.\u00a0<\/strong><\/span><\/p>\n<p><span style=\"color: #000000;\">El siniestro fue informado al 911 alrededor de las <strong>19:20h<\/strong> luego de que un <strong>Renault 9<\/strong> se conduc\u00eda al mando de un hombre de apellido <em>Casar\u00a0<\/em>\u00a0por<strong> calle 4<\/strong>. Al llegar al cruce con <strong>Diagonal Perusse<\/strong> impact\u00f3 con una <strong>Toyota<\/strong>, al mando de un hombre de apellido <em>Mu\u00f1oz <\/em>(38)\u00a0oriundo de La Pampa.<\/span><\/p>\n<p><span style=\"color: #000000;\">Los conductores intervinientes no revistieron lesiones seg\u00fan confirm\u00f3 Polic\u00eda Vial, aunque al realizarles el dosaje de alcohol arrojaron resultado positivo en ambos conductores: <strong>1,30g\/l en el conductor del Renault<\/strong> y <strong>1,70 g\/l. en el de la camioneta<\/strong>.<\/span><\/p>\n<p><span style=\"color: #000000;\">Fueron trasladados a Comisar\u00eda 14\u00b0 para realizar el correspondiente Proceso Contravencional.<\/span><\/p>\n<h5><span style=\"color: #000000;\">F.B. (F.M. Vi\u00f1as).<\/span><\/h5>\n","protected":false},"excerpt":{"rendered":"<p>Durante la tarde de este s\u00e1bado un veh\u00edculo y una camioneta protagonizaron un accidente de tr\u00e1nsito, sin lesionados, en la intersecci\u00f3n &#8230;<\/p>\n","protected":false},"author":8,"featured_media":77405,"comment_status":"open","ping_status":"open","sticky":false,"template":"","format":"standard","meta":{"footnotes":""},"categories":[5,4],"tags":[],"class_list":["post-79419","post","type-post","status-publish","format-standard","has-post-thumbnail","hentry","category-actualidad","category-policiales"],"_links":{"self":[{"href":"https:\/\/vinasfm.com\/noticias\/wp-json\/wp\/v2\/posts\/79419","targetHints":{"allow":["GET"]}}],"collection":[{"href":"https:\/\/vinasfm.com\/noticias\/wp-json\/wp\/v2\/posts"}],"about":[{"href":"https:\/\/vinasfm.com\/noticias\/wp-json\/wp\/v2\/types\/post"}],"author":[{"embeddable":true,"href":"https:\/\/vinasfm.com\/noticias\/wp-json\/wp\/v2\/users\/8"}],"replies":[{"embeddable":true,"href":"https:\/\/vinasfm.com\/noticias\/wp-json\/wp\/v2\/comments?post=79419"}],"version-history":[{"count":2,"href":"https:\/\/vinasfm.com\/noticias\/wp-json\/wp\/v2\/posts\/79419\/revisions"}],"predecessor-version":[{"id":79423,"href":"https:\/\/vinasfm.com\/noticias\/wp-json\/wp\/v2\/posts\/79419\/revisions\/79423"}],"wp:featuredmedia":[{"embeddable":true,"href":"https:\/\/vinasfm.com\/noticias\/wp-json\/wp\/v2\/media\/77405"}],"wp:attachment":[{"href":"https:\/\/vinasfm.com\/noticias\/wp-json\/wp\/v2\/media?parent=79419"}],"wp:term":[{"taxonomy":"category","embeddable":true,"href":"https:\/\/vinasfm.com\/noticias\/wp-json\/wp\/v2\/categories?post=79419"},{"taxonomy":"post_tag","embeddable":true,"href":"https:\/\/vinasfm.com\/noticias\/wp-json\/wp\/v2\/tags?post=79419"}],"curies":[{"name":"wp","href":"https:\/\/api.w.org\/{rel}","templated":true}]}}