{"id":79389,"date":"2020-10-26T10:00:18","date_gmt":"2020-10-26T13:00:18","guid":{"rendered":"http:\/\/vinasfm.com\/noticias\/?p=79389"},"modified":"2020-10-27T10:22:58","modified_gmt":"2020-10-27T13:22:58","slug":"ruta-188-alvear-malargue-se-avanzara-con-el-proyecto-incluido-en-el-presupuesto-nacional-2021","status":"publish","type":"post","link":"https:\/\/vinasfm.com\/noticias\/ruta-188-alvear-malargue-se-avanzara-con-el-proyecto-incluido-en-el-presupuesto-nacional-2021\/","title":{"rendered":"RUTA 188 ALVEAR-MALARG\u00dcE: SE AVANZAR\u00c1 CON EL PROYECTO INCLUIDO EN EL PRESUPUESTO NACIONAL 2021"},"content":{"rendered":"<h4><span style=\"color: #000000;\"><strong>A pesar de la incredulidad de muchos fundamentada en las largas d\u00e9cadas de postergaci\u00f3n, la Senadora Nacional Anabel Fern\u00e1ndez Sagasti confirm\u00f3 que el proyecto de obra que comprende la concusi\u00f3n de la Ruta 188 Alvear-Malarg\u00fce fue incluido en Presupuesto Nacional 2021.<\/strong><\/span><\/h4>\n<p><span style=\"color: #000000;\">La legisladora nacional lo anticip\u00f3 en <strong>di\u00e1logo exclusivo con F.M. Vi\u00f1as<\/strong> lo que gener\u00f3 un sinf\u00edn de repercusiones: &#8216;<strong><em>Nosotros con el trabajo mancomunado de los Legisladores Nacionales del Frente de Todos hemos logrado que se incluya dentro del presupuesto nacional el Gas Andes, la Ruta 188 Alvear-Malarg\u00fce y tambi\u00e9n est\u00e1 la Ruta 40&#8242;<\/em><\/strong>.<\/span><\/p>\n<p><span style=\"color: #000000;\">En la misma linea subray\u00f3: &#8216;<strong><em>Nuestro compromiso con que las obras lleguen a todos los rincones de Mendoza es algo en lo que estamos trabajando. Hay que decir las buenas noticias. Espero que pronto podamos empezar a so\u00f1ar con esta ruta que tan bien le va a hacer al sur mendocino&#8217;.<\/em><\/strong><\/span><\/p>\n<p><span style=\"color: #000000;\">Al ser consultada sobre el estado del proyecto de obra, <strong>Sagasti<\/strong> asever\u00f3: &#8216;<strong><em>Ya est\u00e1 incluido en el dictamen del Presupuesto Nacional. La semana que viene va a ir al Registro de Diputados, luego al de Senadores y de ah\u00ed se comienza a trabajar en Vialidad Nacional e Infraestructura&#8217;.<\/em><\/strong><\/span><\/p>\n<p><span style=\"color: #000000;\">Celebr\u00f3 la designaci\u00f3n del ingeniero mendocino <strong>Guillermo Amstutz como nuevo jefe del 4<sup>to\u00a0<\/sup> Distrito de Vialidad Nacional en Mendoza: &#8216;<em>T<\/em><em>enemos el equipo y las ganas de trabajar ahora depende del trabajo de todo el Estado&#8217;<\/em><\/strong>, destac\u00f3.<\/span><\/p>\n<p><span style=\"color: #000000;\">La legisladora justicialista sostuvo que el proyecto de la v\u00eda que unir\u00eda a los departamentos de Alvear y Malarg\u00fce significando un tramo estrat\u00e9gico en el corredor bioce\u00e1nico &#8216;<strong><em>est\u00e1 como prioridad en la planilla de obras del Ejecutivo Nacional. Despu\u00e9s que salga el Presupuesto Nacional hay que ver el estado en el cual se encuentra el proyecto y avanzar sin demora&#8217;.<\/em><\/strong><\/span><\/p>\n<p><span style=\"color: #000000;\">En retrospectiva record\u00f3: &#8216;<strong><em>Durante a\u00f1os la Ruta desapareci\u00f3 para los gobiernos a pesar del pedido constante de los vecinos del sur provincial. Se llevan invertidos $160 millones durante 10 a\u00f1os por eso hay que actuar r\u00e1pido para que ese dinero y el esfuerzo no se pierdan&#8217;.<\/em><\/strong><\/span><\/p>\n<p><span style=\"color: #000000;\">&#8216;<em style=\"font-weight: bold;\">Los ciudadanos de Alvear se organizan muy bien y son muy conscientes de sus derechos, trabajar con pueblos as\u00ed es satisfactorio&#8217;<\/em>, concluy\u00f3 Anabel felicitando a los <strong>Hist\u00f3ricos de la Ruta 188<\/strong> y <strong>Autoconvocados de Malarg\u00fce<\/strong> por mantener en pie el pedido.<\/span><\/p>\n<h5><span style=\"color: #000000;\">\u2022F.B. (F.M. Vi\u00f1as).<\/span><\/h5>\n","protected":false},"excerpt":{"rendered":"<p>A pesar de la incredulidad de muchos fundamentada en las largas d\u00e9cadas de postergaci\u00f3n, la Senadora Nacional Anabel Fern\u00e1ndez Sagasti confirm\u00f3 &#8230;<\/p>\n","protected":false},"author":8,"featured_media":79390,"comment_status":"open","ping_status":"open","sticky":false,"template":"","format":"standard","meta":{"footnotes":""},"categories":[5,46],"tags":[],"class_list":["post-79389","post","type-post","status-publish","format-standard","has-post-thumbnail","hentry","category-actualidad","category-puntos-de-vista"],"_links":{"self":[{"href":"https:\/\/vinasfm.com\/noticias\/wp-json\/wp\/v2\/posts\/79389","targetHints":{"allow":["GET"]}}],"collection":[{"href":"https:\/\/vinasfm.com\/noticias\/wp-json\/wp\/v2\/posts"}],"about":[{"href":"https:\/\/vinasfm.com\/noticias\/wp-json\/wp\/v2\/types\/post"}],"author":[{"embeddable":true,"href":"https:\/\/vinasfm.com\/noticias\/wp-json\/wp\/v2\/users\/8"}],"replies":[{"embeddable":true,"href":"https:\/\/vinasfm.com\/noticias\/wp-json\/wp\/v2\/comments?post=79389"}],"version-history":[{"count":2,"href":"https:\/\/vinasfm.com\/noticias\/wp-json\/wp\/v2\/posts\/79389\/revisions"}],"predecessor-version":[{"id":79396,"href":"https:\/\/vinasfm.com\/noticias\/wp-json\/wp\/v2\/posts\/79389\/revisions\/79396"}],"wp:featuredmedia":[{"embeddable":true,"href":"https:\/\/vinasfm.com\/noticias\/wp-json\/wp\/v2\/media\/79390"}],"wp:attachment":[{"href":"https:\/\/vinasfm.com\/noticias\/wp-json\/wp\/v2\/media?parent=79389"}],"wp:term":[{"taxonomy":"category","embeddable":true,"href":"https:\/\/vinasfm.com\/noticias\/wp-json\/wp\/v2\/categories?post=79389"},{"taxonomy":"post_tag","embeddable":true,"href":"https:\/\/vinasfm.com\/noticias\/wp-json\/wp\/v2\/tags?post=79389"}],"curies":[{"name":"wp","href":"https:\/\/api.w.org\/{rel}","templated":true}]}}