{"id":79351,"date":"2020-10-26T23:00:43","date_gmt":"2020-10-27T02:00:43","guid":{"rendered":"http:\/\/vinasfm.com\/noticias\/?p=79351"},"modified":"2020-10-26T23:51:23","modified_gmt":"2020-10-27T02:51:23","slug":"heladas-las-denuncias-por-danos-se-tomaran-a-partir-del-26-de-octubre","status":"publish","type":"post","link":"https:\/\/vinasfm.com\/noticias\/heladas-las-denuncias-por-danos-se-tomaran-a-partir-del-26-de-octubre\/","title":{"rendered":"HELADAS: LAS DENUNCIAS POR DA\u00d1OS SE TOMAR\u00c1N A PARTIR DE HOY LUNES"},"content":{"rendered":"<h4><span style=\"color: #000000;\"><strong>La Direcci\u00f3n de Contingencias Clim\u00e1ticas recibir\u00e1 los pedidos de tasaci\u00f3n a trav\u00e9s de su p\u00e1gina web:<a href=\"http:\/\/www.contingencias.gov.ar\"> www.contingencias.gov.ar<\/a>. Solo habr\u00e1 atenci\u00f3n presencial para\u00a0 casos excepcionales.<\/strong><\/span><\/h4>\n<p><span style=\"color: #000000;\">Desde el pr\u00f3ximo lunes, 26 de octubre, los productores agr\u00edcolas de Mendoza podr\u00e1n realizar las denuncias de da\u00f1os por las heladas de septiembre y octubre. El padr\u00f3n estar\u00e1 abierto hasta el viernes 6 de noviembre.<\/span><\/p>\n<p><span style=\"color: #000000;\">En ese plazo, se tomar\u00e1 los pedidos para evaluar las p\u00e9rdidas que pudieran haber ocasionado las bajas temperaturas registradas el 14 de septiembre y del 5 de octubre. Debido a que se trat\u00f3 de heladas generales, se tomar\u00e1n pedidos de tasaci\u00f3n de establecimientos de los cuatro oasis.<\/span><\/p>\n<p><span style=\"color: #000000;\">Para realizar el pedido solo se debe tener a mano la constancia del RUT (Registro de Uso de la Tierra) actualizado.<\/span><\/p>\n<p><span style=\"color: #000000;\"><strong>El tr\u00e1mite se podr\u00e1 realizar a trav\u00e9s de internet, completando un formulario de Google que estar\u00e1 disponible en el sitio web de la\u00a0<\/strong><a style=\"color: #000000;\" href=\"http:\/\/www.contingencias.gov.ar\/\"><strong>Direcci\u00f3n de Contingencias Clim\u00e1ticas\u00a0<\/strong><\/a>(DCC) o de manera presencial para casos especiales, en las delegaciones\u00a0 de Contingencias, de lunes a viernes de 9 a 13,\u00a0 y en los centros receptores.<\/span><\/p>\n<h4><span style=\"color: #000000;\"><strong>Atenci\u00f3n en delegaciones y centros receptores<\/strong><\/span><\/h4>\n<p><span style=\"color: #000000;\">Debido a las medidas sanitarias\u00a0 dispuestas por la pandemia las delegaciones y centros receptores mantienen atenci\u00f3n restringida. La toma de denuncias en primera instancia ser\u00e1 on line a trav\u00e9s de formulario disponible en la p\u00e1gina de la DCC y solo en casos especiales se recibir\u00e1n denuncias de manera presencial.<\/span><\/p>\n<p><span style=\"color: #000000;\">Para consultas o para quienes necesiten asistencia para completar el formulario o no dispongan de conectividad est\u00e1n disponibles los siguientes tel\u00e9fonos:<\/span><\/p>\n<ul>\n<li><span style=\"color: #000000;\"><strong>Centro receptor Municipalidad de General Alvear: Tel: 2625-434388 de lunes a viernes de 8 a 12.30.<\/strong><\/span><\/li>\n<li><span style=\"color: #000000;\"><strong>Centro Receptor Bowen. Cel: 261-6988982 de lunes a viernes de 9 a 13.<\/strong><\/span><\/li>\n<\/ul>\n<h5><span style=\"color: #000000;\"><strong><em>A.C.<\/em><\/strong><\/span><\/h5>\n","protected":false},"excerpt":{"rendered":"<p>La Direcci\u00f3n de Contingencias Clim\u00e1ticas recibir\u00e1 los pedidos de tasaci\u00f3n a trav\u00e9s de su p\u00e1gina web: www.contingencias.gov.ar. Solo habr\u00e1 atenci\u00f3n presencial &#8230;<\/p>\n","protected":false},"author":7,"featured_media":57939,"comment_status":"open","ping_status":"open","sticky":false,"template":"","format":"standard","meta":{"footnotes":""},"categories":[5,14],"tags":[],"class_list":["post-79351","post","type-post","status-publish","format-standard","has-post-thumbnail","hentry","category-actualidad","category-agro"],"_links":{"self":[{"href":"https:\/\/vinasfm.com\/noticias\/wp-json\/wp\/v2\/posts\/79351","targetHints":{"allow":["GET"]}}],"collection":[{"href":"https:\/\/vinasfm.com\/noticias\/wp-json\/wp\/v2\/posts"}],"about":[{"href":"https:\/\/vinasfm.com\/noticias\/wp-json\/wp\/v2\/types\/post"}],"author":[{"embeddable":true,"href":"https:\/\/vinasfm.com\/noticias\/wp-json\/wp\/v2\/users\/7"}],"replies":[{"embeddable":true,"href":"https:\/\/vinasfm.com\/noticias\/wp-json\/wp\/v2\/comments?post=79351"}],"version-history":[{"count":2,"href":"https:\/\/vinasfm.com\/noticias\/wp-json\/wp\/v2\/posts\/79351\/revisions"}],"predecessor-version":[{"id":79413,"href":"https:\/\/vinasfm.com\/noticias\/wp-json\/wp\/v2\/posts\/79351\/revisions\/79413"}],"wp:featuredmedia":[{"embeddable":true,"href":"https:\/\/vinasfm.com\/noticias\/wp-json\/wp\/v2\/media\/57939"}],"wp:attachment":[{"href":"https:\/\/vinasfm.com\/noticias\/wp-json\/wp\/v2\/media?parent=79351"}],"wp:term":[{"taxonomy":"category","embeddable":true,"href":"https:\/\/vinasfm.com\/noticias\/wp-json\/wp\/v2\/categories?post=79351"},{"taxonomy":"post_tag","embeddable":true,"href":"https:\/\/vinasfm.com\/noticias\/wp-json\/wp\/v2\/tags?post=79351"}],"curies":[{"name":"wp","href":"https:\/\/api.w.org\/{rel}","templated":true}]}}