{"id":79302,"date":"2020-10-23T08:34:41","date_gmt":"2020-10-23T11:34:41","guid":{"rendered":"http:\/\/vinasfm.com\/noticias\/?p=79302"},"modified":"2020-10-24T12:10:47","modified_gmt":"2020-10-24T15:10:47","slug":"media-sancion-en-diputados-al-proyecto-para-la-produccion-de-cannabis-medicinal","status":"publish","type":"post","link":"https:\/\/vinasfm.com\/noticias\/media-sancion-en-diputados-al-proyecto-para-la-produccion-de-cannabis-medicinal\/","title":{"rendered":"MEDIA SANCI\u00d3N EN DIPUTADOS AL PROYECTO PARA LA PRODUCCI\u00d3N DE CANNABIS MEDICINAL"},"content":{"rendered":"<h4><span style=\"color: #000000;\"><strong>La C\u00e1mara de Diputados dio media sanci\u00f3n al proyecto de Jos\u00e9 Mar\u00eda Videla (FR) por el cual se regula en la provincia la investigaci\u00f3n cient\u00edfica y el uso medicinal y terap\u00e9utico de la planta de Cannabis.<\/strong><\/span><\/h4>\n<p><span style=\"color: #000000;\">En dialogo con F.M. Vi\u00f1as el legislador explic\u00f3 que este proyecto adhiere a la Ley Nacional 27.350 de <strong>Uso cient\u00edfico y m\u00e9dico de Cannabis<\/strong>, que a su vez genera el marco normativo <strong>para que en la provincia se pueda desarrollar toda la cadena de valor de cannabis y sus derivados.<\/strong><\/span><\/p>\n<div id=\"attachment_79304\" style=\"width: 331px\" class=\"wp-caption alignleft\"><a style=\"color: #000000;\" href=\"http:\/\/vinasfm.com\/noticias\/wp-content\/uploads\/2020\/10\/JOSE-MARIA-VIDELA.jpg\"><img loading=\"lazy\" decoding=\"async\" aria-describedby=\"caption-attachment-79304\" class=\"wp-image-79304 \" src=\"http:\/\/vinasfm.com\/noticias\/wp-content\/uploads\/2020\/10\/JOSE-MARIA-VIDELA.jpg\" alt=\"\" width=\"331\" height=\"213\" \/><\/a><p id=\"caption-attachment-79304\" class=\"wp-caption-text\"><\/span> <span style=\"color: #000000;\">Diputado Jos\u00e9 Mar\u00eda Videla.<\/span><\/p><\/div>\n<p><span style=\"color: #000000;\">Ante cuestionamientos de algunos sectores de la poblaci\u00f3n que se alarman por esto, Videla asegur\u00f3 que \u201c<em>no deber\u00edan hacerlo porque es para uso cient\u00edfico y m\u00e9dico, bajo estrictas normas de control y seguridad<\/em>\u201d, y que adem\u00e1s sus resultados est\u00e1n mundialmente probados.<\/span><\/p>\n<p><span style=\"color: #000000;\">El objetivo de regular el uso de la sustancia es el de \u201c<strong><em>ayudar a la gente que necesita gotas de cannabis para epilepsia refractaria, una crema con cannabis para la artritis o la artrosis. Es para ayudar a las dolencias m\u00e9dicas<\/em><\/strong>\u201d, ejemplific\u00f3.<\/span><\/p>\n<p><span style=\"color: #000000;\"><strong>El laboratorio de UGACOOP, podr\u00eda ser uno de los utilizados para la investigaci\u00f3n<\/strong>, pero previamente se deben realizar acuerdos con CONICET, INTA, ANMAT, entre otras entidades, para el control de los productos.<\/span><\/p>\n<p><span style=\"color: #000000;\">La legislaci\u00f3n busca generar dos cuestiones principales, primero, <strong>que toda persona que tenga recomendado a trav\u00e9s de un profesional m\u00e9dico, con t\u00edtulo habilitante, alg\u00fan remedio conteniendo cannabis, tenga la seguridad de que puede adquirirlo<\/strong>, \u201c<em>un remedio con controles y cuidados m\u00e9dicos, que ANMAT diga que lo que le est\u00e1n vendiendo sea realmente eso y no deba recurrir a un mercado paralelo, o pidi\u00e9ndole a alguien que se lo traiga de Chile porque no hay en Argentina\u201d<\/em>, se\u00f1al\u00f3.<\/span><\/p>\n<p><span style=\"color: #000000;\">Por otro lado, <strong>generar el desarrollo de la cadena de valor en la provincia del cannabis y sus derivados,<\/strong> \u201ct<em>odo el desarrollo desde plantar, investigaci\u00f3n, laboratorios, todo lo que pueda generar<\/em>\u201d. \u00a0En Argentina hay experiencias en Jujuy con la empresa CANAO.<\/span><\/p>\n<p><span style=\"color: #000000;\">En Mendoza, a trav\u00e9s del art\u00edculo 3, se habilita a personas f\u00edsicas, jur\u00eddicas, p\u00fablicas y privadas, <em>\u201cqueremos que haya m\u00e1s gente que trabaje, m\u00e1s gente que pueda acceder y m\u00e1s gente que genere productos de calidad para la salud\u201d.<\/em><\/span><\/p>\n<p><span style=\"color: #000000;\">El proyecto obtuvo el voto un\u00e1nime en su tratamiento en general, mientras que en particular los diputados Mario Vadillo y Mercedes Llano votaron negativamente los art\u00edculos 2\u00b0 y 3\u00b0, y Mail\u00e9 Rodr\u00edguez, del FIT, se abstuvo en los mismos art\u00edculos. Ahora se debatir\u00e1 en el Senado, en caso de obtener su aprobaci\u00f3n ser\u00e1 Ley, para luego reglamentarse y comenzar con su implementaci\u00f3n.<\/span><\/p>\n<h5><span style=\"color: #000000;\"><strong><em>A.C.<\/em><\/strong><\/span><\/h5>\n","protected":false},"excerpt":{"rendered":"<p>La C\u00e1mara de Diputados dio media sanci\u00f3n al proyecto de Jos\u00e9 Mar\u00eda Videla (FR) por el cual se regula en la &#8230;<\/p>\n","protected":false},"author":7,"featured_media":20411,"comment_status":"open","ping_status":"open","sticky":false,"template":"","format":"standard","meta":{"footnotes":""},"categories":[5,43,15],"tags":[],"class_list":["post-79302","post","type-post","status-publish","format-standard","has-post-thumbnail","hentry","category-actualidad","category-legislatura","category-salud"],"_links":{"self":[{"href":"https:\/\/vinasfm.com\/noticias\/wp-json\/wp\/v2\/posts\/79302","targetHints":{"allow":["GET"]}}],"collection":[{"href":"https:\/\/vinasfm.com\/noticias\/wp-json\/wp\/v2\/posts"}],"about":[{"href":"https:\/\/vinasfm.com\/noticias\/wp-json\/wp\/v2\/types\/post"}],"author":[{"embeddable":true,"href":"https:\/\/vinasfm.com\/noticias\/wp-json\/wp\/v2\/users\/7"}],"replies":[{"embeddable":true,"href":"https:\/\/vinasfm.com\/noticias\/wp-json\/wp\/v2\/comments?post=79302"}],"version-history":[{"count":2,"href":"https:\/\/vinasfm.com\/noticias\/wp-json\/wp\/v2\/posts\/79302\/revisions"}],"predecessor-version":[{"id":79306,"href":"https:\/\/vinasfm.com\/noticias\/wp-json\/wp\/v2\/posts\/79302\/revisions\/79306"}],"wp:featuredmedia":[{"embeddable":true,"href":"https:\/\/vinasfm.com\/noticias\/wp-json\/wp\/v2\/media\/20411"}],"wp:attachment":[{"href":"https:\/\/vinasfm.com\/noticias\/wp-json\/wp\/v2\/media?parent=79302"}],"wp:term":[{"taxonomy":"category","embeddable":true,"href":"https:\/\/vinasfm.com\/noticias\/wp-json\/wp\/v2\/categories?post=79302"},{"taxonomy":"post_tag","embeddable":true,"href":"https:\/\/vinasfm.com\/noticias\/wp-json\/wp\/v2\/tags?post=79302"}],"curies":[{"name":"wp","href":"https:\/\/api.w.org\/{rel}","templated":true}]}}