{"id":79253,"date":"2020-10-23T08:32:41","date_gmt":"2020-10-23T11:32:41","guid":{"rendered":"http:\/\/vinasfm.com\/noticias\/?p=79253"},"modified":"2020-10-24T10:18:38","modified_gmt":"2020-10-24T13:18:38","slug":"22-10-confirmaron-58-nuevos-infectados-y-22-recuperados-en-alvear","status":"publish","type":"post","link":"https:\/\/vinasfm.com\/noticias\/22-10-confirmaron-58-nuevos-infectados-y-22-recuperados-en-alvear\/","title":{"rendered":"22\/10: CONFIRMARON 58 NUEVOS INFECTADOS Y 22 RECUPERADOS EN ALVEAR"},"content":{"rendered":"<h5><span style=\"color: #000000;\"><strong>De acuerdo al informe suministrado por el Laboratorio Covid Regi\u00f3n Sur, Alvear registr\u00f3 58 nuevos casos positivos de Covid-19 en las \u00faltimas 24 horas, lapso en el que se confirm\u00f3 la recuperaci\u00f3n de 22 pacientes.<\/strong><\/span><\/h5>\n<p><span style=\"color: #000000;\">Al momento, el total de casos acumulados en el\u00a0<i>nosocomio local\u00a0<\/i>es de <b>608<\/b>\u00a0<strong>(325\u00a0<\/strong><strong>casos\u00a0<\/strong><strong>activos, 273 <\/strong><strong>casos recuperados, 10\u00a0<\/strong><strong>fallecimientos).<\/strong><\/span><\/p>\n<p><a href=\"http:\/\/vinasfm.com\/noticias\/wp-content\/uploads\/2020\/10\/IMG_20201022_222433_105.jpg\"><img loading=\"lazy\" decoding=\"async\" class=\"size-full wp-image-79272 aligncenter\" src=\"http:\/\/vinasfm.com\/noticias\/wp-content\/uploads\/2020\/10\/IMG_20201022_222433_105.jpg\" alt=\"\" width=\"1080\" height=\"1080\" srcset=\"https:\/\/vinasfm.com\/noticias\/wp-content\/uploads\/2020\/10\/IMG_20201022_222433_105.jpg 1080w, https:\/\/vinasfm.com\/noticias\/wp-content\/uploads\/2020\/10\/IMG_20201022_222433_105-300x300.jpg 300w, https:\/\/vinasfm.com\/noticias\/wp-content\/uploads\/2020\/10\/IMG_20201022_222433_105-1024x1024.jpg 1024w, https:\/\/vinasfm.com\/noticias\/wp-content\/uploads\/2020\/10\/IMG_20201022_222433_105-150x150.jpg 150w, https:\/\/vinasfm.com\/noticias\/wp-content\/uploads\/2020\/10\/IMG_20201022_222433_105-768x768.jpg 768w, https:\/\/vinasfm.com\/noticias\/wp-content\/uploads\/2020\/10\/IMG_20201022_222433_105-360x360.jpg 360w, https:\/\/vinasfm.com\/noticias\/wp-content\/uploads\/2020\/10\/IMG_20201022_222433_105-750x750.jpg 750w\" sizes=\"auto, (max-width: 1080px) 100vw, 1080px\" \/><\/a><\/p>\n<h4 style=\"text-align: center;\"><span style=\"color: #000000;\"><strong>INFORME REGI\u00d3N SUR<\/strong><\/span><\/h4>\n<p><span style=\"color: #000000;\">Este<strong>\u00a0jueves<\/strong>, de los tres departamentos del sur mendocino, se analizaron\u00a0<strong>261 <\/strong><strong>muestras<\/strong>\u00a0de\u00a0<strong>PCR<\/strong> de las cuales <strong>163\u00a0<\/strong><strong>arrojaron resultado positivo<\/strong>, <strong>92\u00a0<\/strong><strong>negativas y 6 quedaron en proceso de investigaci\u00f3n.<\/strong><\/span><\/p>\n<ul>\n<li><span style=\"color: #000000;\"><strong>GENERAL ALVEAR: 58 (22 con nexo por contacto estrecho, 28 con nexo en investigaci\u00f3n epidemiol\u00f3gica, 6 por test ant\u00edgeno y 2 por criterio cl\u00ednico epidemiol\u00f3gico).<\/strong><\/span><\/li>\n<\/ul>\n<ul>\n<li><span style=\"color: #000000;\"><strong>SAN RAFAEL: 88 (22 <\/strong><strong>con nexo por contacto estrecho, 66 con nexo en investigaci\u00f3n epidemiol\u00f3gica y 12 por test ant\u00edgeno).<\/strong><\/span><\/li>\n<li><span style=\"color: #000000;\"><strong>MALARG\u00dcE: 25 (9 con nexo por contacto estrecho y 16 con nexo en investigaci\u00f3n epidemiol\u00f3gica).<\/strong><\/span><\/li>\n<\/ul>\n<p><span style=\"color: #000000;\"><em>En el reporte se informaron los fallecimientos de dos hombres de 83 a\u00f1os (San Rafael) y 61 a\u00f1os (Malarg\u00fce).<\/em><\/span><\/p>\n<p><span style=\"color: #000000;\"><strong>Con estas cifras, San Rafael, Malarg\u00fce y General Alvear cuentan con 2707 casos positivos confirmados de los cuales 1317 se han recuperado y 51 han perdido la vida por Covid-19.<\/strong><\/span><\/p>\n<p><span style=\"color: #000000;\">De los <strong>1317\u00a0<\/strong>pacientes<strong>\u00a0recuperados desde el comienzo de la pandemia<\/strong>\u00a0en el Sur de Mendoza son:<\/span><\/p>\n<ul>\n<li><span style=\"color: #000000;\"><strong>De<\/strong>\u00a0<strong>San Rafael: 974 <\/strong><strong>pacientes.<\/strong><\/span><\/li>\n<li><span style=\"color: #000000;\"><strong>D<\/strong><strong>e General Alvear: 273 pacientes.<\/strong><\/span><\/li>\n<li><span style=\"color: #000000;\"><strong>De Malarg\u00fce: 70 pacientes.<\/strong><\/span><\/li>\n<\/ul>\n<h5><span style=\"color: #000000;\">\u2022F.B. (F.M. Vi\u00f1as).<\/span><\/h5>\n","protected":false},"excerpt":{"rendered":"<p>De acuerdo al informe suministrado por el Laboratorio Covid Regi\u00f3n Sur, Alvear registr\u00f3 58 nuevos casos positivos de Covid-19 en las &#8230;<\/p>\n","protected":false},"author":8,"featured_media":70682,"comment_status":"open","ping_status":"open","sticky":false,"template":"","format":"standard","meta":{"footnotes":""},"categories":[1],"tags":[],"class_list":["post-79253","post","type-post","status-publish","format-standard","has-post-thumbnail","hentry","category-fmvinas"],"_links":{"self":[{"href":"https:\/\/vinasfm.com\/noticias\/wp-json\/wp\/v2\/posts\/79253","targetHints":{"allow":["GET"]}}],"collection":[{"href":"https:\/\/vinasfm.com\/noticias\/wp-json\/wp\/v2\/posts"}],"about":[{"href":"https:\/\/vinasfm.com\/noticias\/wp-json\/wp\/v2\/types\/post"}],"author":[{"embeddable":true,"href":"https:\/\/vinasfm.com\/noticias\/wp-json\/wp\/v2\/users\/8"}],"replies":[{"embeddable":true,"href":"https:\/\/vinasfm.com\/noticias\/wp-json\/wp\/v2\/comments?post=79253"}],"version-history":[{"count":2,"href":"https:\/\/vinasfm.com\/noticias\/wp-json\/wp\/v2\/posts\/79253\/revisions"}],"predecessor-version":[{"id":79316,"href":"https:\/\/vinasfm.com\/noticias\/wp-json\/wp\/v2\/posts\/79253\/revisions\/79316"}],"wp:featuredmedia":[{"embeddable":true,"href":"https:\/\/vinasfm.com\/noticias\/wp-json\/wp\/v2\/media\/70682"}],"wp:attachment":[{"href":"https:\/\/vinasfm.com\/noticias\/wp-json\/wp\/v2\/media?parent=79253"}],"wp:term":[{"taxonomy":"category","embeddable":true,"href":"https:\/\/vinasfm.com\/noticias\/wp-json\/wp\/v2\/categories?post=79253"},{"taxonomy":"post_tag","embeddable":true,"href":"https:\/\/vinasfm.com\/noticias\/wp-json\/wp\/v2\/tags?post=79253"}],"curies":[{"name":"wp","href":"https:\/\/api.w.org\/{rel}","templated":true}]}}