{"id":79103,"date":"2020-10-21T00:29:37","date_gmt":"2020-10-21T03:29:37","guid":{"rendered":"http:\/\/vinasfm.com\/noticias\/?p=79103"},"modified":"2020-10-22T10:02:21","modified_gmt":"2020-10-22T13:02:21","slug":"se-espera-un-miercoles-con-cielo-cubierto-y-poco-cambio-de-la-temperatura","status":"publish","type":"post","link":"https:\/\/vinasfm.com\/noticias\/se-espera-un-miercoles-con-cielo-cubierto-y-poco-cambio-de-la-temperatura\/","title":{"rendered":"SE ESPERA UN MI\u00c9RCOLES CON CIELO CUBIERTO Y POCO CAMBIO DE LA TEMPERATURA"},"content":{"rendered":"<p>El pron\u00f3stico extendido del tiempo indica que este<strong> mi\u00e9rcoles el d\u00eda estar\u00e1 algo nublado, con pocos cambios en la temperatura y con la presencia de vientos moderados<\/strong>\u00a0provenientes del sudeste. Seg\u00fan inform\u00f3 la\u00a0<strong>Direcci\u00f3n de Agricultura y Contingencias Clim\u00e1ticas de Mendoza<\/strong>, la\u00a0<strong>m\u00e1xima estimada ser\u00e1 de 25 grados<\/strong>.<\/p>\n<p>Para\u00a0<strong>el jueves ascender\u00e1 la temperatura<\/strong>, estar\u00e1 despejado con buen tiempo y la m\u00e1xima podr\u00eda llegar a los 27 grados.<\/p>\n<p>Mientras que el viernes se presentar\u00e1 <strong>c\u00e1lido e inestable, tormentas aisladas hacia la noche, y<\/strong> vientos moderados del noreste. M\u00e1xima: 32\u00baC M\u00ednima: 14\u00baC.<\/p>\n<h5><em><strong>A.C.<\/strong><\/em><\/h5>\n","protected":false},"excerpt":{"rendered":"<p>El pron\u00f3stico extendido del tiempo indica que este mi\u00e9rcoles el d\u00eda estar\u00e1 algo nublado, con pocos cambios en la temperatura y &#8230;<\/p>\n","protected":false},"author":7,"featured_media":43538,"comment_status":"open","ping_status":"open","sticky":false,"template":"","format":"standard","meta":{"footnotes":""},"categories":[1],"tags":[],"class_list":["post-79103","post","type-post","status-publish","format-standard","has-post-thumbnail","hentry","category-fmvinas"],"_links":{"self":[{"href":"https:\/\/vinasfm.com\/noticias\/wp-json\/wp\/v2\/posts\/79103","targetHints":{"allow":["GET"]}}],"collection":[{"href":"https:\/\/vinasfm.com\/noticias\/wp-json\/wp\/v2\/posts"}],"about":[{"href":"https:\/\/vinasfm.com\/noticias\/wp-json\/wp\/v2\/types\/post"}],"author":[{"embeddable":true,"href":"https:\/\/vinasfm.com\/noticias\/wp-json\/wp\/v2\/users\/7"}],"replies":[{"embeddable":true,"href":"https:\/\/vinasfm.com\/noticias\/wp-json\/wp\/v2\/comments?post=79103"}],"version-history":[{"count":1,"href":"https:\/\/vinasfm.com\/noticias\/wp-json\/wp\/v2\/posts\/79103\/revisions"}],"predecessor-version":[{"id":79105,"href":"https:\/\/vinasfm.com\/noticias\/wp-json\/wp\/v2\/posts\/79103\/revisions\/79105"}],"wp:featuredmedia":[{"embeddable":true,"href":"https:\/\/vinasfm.com\/noticias\/wp-json\/wp\/v2\/media\/43538"}],"wp:attachment":[{"href":"https:\/\/vinasfm.com\/noticias\/wp-json\/wp\/v2\/media?parent=79103"}],"wp:term":[{"taxonomy":"category","embeddable":true,"href":"https:\/\/vinasfm.com\/noticias\/wp-json\/wp\/v2\/categories?post=79103"},{"taxonomy":"post_tag","embeddable":true,"href":"https:\/\/vinasfm.com\/noticias\/wp-json\/wp\/v2\/tags?post=79103"}],"curies":[{"name":"wp","href":"https:\/\/api.w.org\/{rel}","templated":true}]}}