{"id":78937,"date":"2020-10-19T04:55:08","date_gmt":"2020-10-19T07:55:08","guid":{"rendered":"http:\/\/vinasfm.com\/noticias\/?p=78937"},"modified":"2020-10-19T09:56:25","modified_gmt":"2020-10-19T12:56:25","slug":"se-confirmaron-476-nuevos-casos-de-coronavirus-y-32-muertes-en-mendoza","status":"publish","type":"post","link":"https:\/\/vinasfm.com\/noticias\/se-confirmaron-476-nuevos-casos-de-coronavirus-y-32-muertes-en-mendoza\/","title":{"rendered":"SE CONFIRMARON 476 NUEVOS CASOS DE CORONAVIRUS Y 32 MUERTES EN MENDOZA"},"content":{"rendered":"<p><strong>El Gobierno de Mendoza, a trav\u00e9s del Ministerio de Salud, Desarrollo Social y Deportes inform\u00f3 este domingo que se confirmaron 476 nuevos casos de coronavirus en la provincia. Asimismo, detall\u00f3 que\u00a0397 pacientes con COVID-19 recibieron el alta.\u00a0<\/strong><\/p>\n<p>La Red de Laboratorios del Ministerio de Salud, Desarrollo Social y Deportes de la Provincia precis\u00f3 que entre las \u00faltimas horas de ayer y hoy se\u00a0<strong>procesaron 1.018 determinaciones, de las cuales\u00a0562 fueron negativas.<\/strong><\/p>\n<ul>\n<li><strong>456 nuevos casos positivos.<\/strong><\/li>\n<li><strong>20 casos por nexo cl\u00ednico epidemiol\u00f3gico.<\/strong><\/li>\n<\/ul>\n<p>En cuanto al n\u00famero de\u00a0<strong>fallecidos<\/strong>, se reportaron:<\/p>\n<ul>\n<li><strong>9 en las \u00faltimas 48 horas.<\/strong><\/li>\n<li><strong>23 seg\u00fan la carga en SISA, reportados con fechas anteriores.<\/strong><\/li>\n<\/ul>\n<p>La provincia de\u00a0<strong>Mendoza registra al d\u00eda de hoy<\/strong>:<\/p>\n<ul>\n<li><strong>35.878 casos positivos confirmados COVID-19.<\/strong><\/li>\n<li><strong>20.262 personas recuperadas COVID-19.<\/strong><\/li>\n<li><strong>555 fallecimientos por COVID-19.<\/strong><\/li>\n<\/ul>\n<p>Es importante recordar que el Ministerio de Salud de Mendoza informa sobre todos los pacientes que ingresan al sistema sanitario p\u00fablico y privado de la provincia. En los casos en que un mendocino da positivo en otras jurisdicciones nacionales -por estar estudiando en otra provincia, por vivir en otro lugar sin registrar el cambio de domicilio o por estar realizando un trabajo temporario-, no ser\u00e1 registrado como caso confirmado en Mendoza.<\/p>\n<h5><em><strong>A.C.<\/strong><\/em><\/h5>\n","protected":false},"excerpt":{"rendered":"<p>El Gobierno de Mendoza, a trav\u00e9s del Ministerio de Salud, Desarrollo Social y Deportes inform\u00f3 este domingo que se confirmaron 476 &#8230;<\/p>\n","protected":false},"author":7,"featured_media":4206,"comment_status":"open","ping_status":"open","sticky":false,"template":"","format":"standard","meta":{"footnotes":""},"categories":[5,62],"tags":[],"class_list":["post-78937","post","type-post","status-publish","format-standard","has-post-thumbnail","hentry","category-actualidad","category-coronavirus"],"_links":{"self":[{"href":"https:\/\/vinasfm.com\/noticias\/wp-json\/wp\/v2\/posts\/78937","targetHints":{"allow":["GET"]}}],"collection":[{"href":"https:\/\/vinasfm.com\/noticias\/wp-json\/wp\/v2\/posts"}],"about":[{"href":"https:\/\/vinasfm.com\/noticias\/wp-json\/wp\/v2\/types\/post"}],"author":[{"embeddable":true,"href":"https:\/\/vinasfm.com\/noticias\/wp-json\/wp\/v2\/users\/7"}],"replies":[{"embeddable":true,"href":"https:\/\/vinasfm.com\/noticias\/wp-json\/wp\/v2\/comments?post=78937"}],"version-history":[{"count":1,"href":"https:\/\/vinasfm.com\/noticias\/wp-json\/wp\/v2\/posts\/78937\/revisions"}],"predecessor-version":[{"id":78938,"href":"https:\/\/vinasfm.com\/noticias\/wp-json\/wp\/v2\/posts\/78937\/revisions\/78938"}],"wp:featuredmedia":[{"embeddable":true,"href":"https:\/\/vinasfm.com\/noticias\/wp-json\/wp\/v2\/media\/4206"}],"wp:attachment":[{"href":"https:\/\/vinasfm.com\/noticias\/wp-json\/wp\/v2\/media?parent=78937"}],"wp:term":[{"taxonomy":"category","embeddable":true,"href":"https:\/\/vinasfm.com\/noticias\/wp-json\/wp\/v2\/categories?post=78937"},{"taxonomy":"post_tag","embeddable":true,"href":"https:\/\/vinasfm.com\/noticias\/wp-json\/wp\/v2\/tags?post=78937"}],"curies":[{"name":"wp","href":"https:\/\/api.w.org\/{rel}","templated":true}]}}