{"id":78760,"date":"2020-10-16T00:30:22","date_gmt":"2020-10-16T03:30:22","guid":{"rendered":"http:\/\/vinasfm.com\/noticias\/?p=78760"},"modified":"2020-10-17T13:04:00","modified_gmt":"2020-10-17T16:04:00","slug":"a-pedido-del-intendente-el-consejo-de-seguridad-retoma-su-agenda-en-el-departamento","status":"publish","type":"post","link":"https:\/\/vinasfm.com\/noticias\/a-pedido-del-intendente-el-consejo-de-seguridad-retoma-su-agenda-en-el-departamento\/","title":{"rendered":"A PEDIDO DEL INTENDENTE, EL CONSEJO DE SEGURIDAD RETOMA SU AGENDA EN EL DEPARTAMENTO"},"content":{"rendered":"<h4><span style=\"color: #000000;\"><strong>El Secretario de Gobierno Jos\u00e9 Vilches dio detalles del cronograma de reuniones del Consejo de Seguridad y la modalidad para convocarlas y realizarlas.\u00a0<\/strong><\/span><\/h4>\n<p><span style=\"color: #000000;\">&#8216;<strong><em>Tuvimos una reuni\u00f3n de trabajo con el Intendente, el Comisario Modesto Bravo y el coordinador Jos\u00e9 Mar\u00eda Mart\u00ednez. El Intendente nos pidi\u00f3 retomar las reuniones que ten\u00edamos desde el Consejo de Seguridad con los diferentes barrios<\/em><\/strong>&#8216;, manifest\u00f3 el Secretario de Gobierno.<\/span><\/p>\n<p><span style=\"color: #000000;\">Debido a la situaci\u00f3n sanitaria que impide la realizaci\u00f3n de reuniones numerosas se decidi\u00f3 &#8216;<strong><em>replicar una experiencia que tuvo el Consejo con los vecinos de San Pedro del Atuel donde nos reunimos hace 10 d\u00edas a pedido de los vecinos que se encuentran preocupados por los hechos de inseguridad<\/em><\/strong>&#8216;.<\/span><\/p>\n<p><span style=\"color: #000000;\">En la misma linea evalu\u00f3 que la reuni\u00f3n con vecinos de Carmensa &#8216;<strong><em>fue una reuni\u00f3n muy provechosa en la que pudimos hablar con algunos que vecinos que nos plantearon algunas necesidades e inquietudes<\/em><\/strong>&#8216;.<\/span><\/p>\n<p><span style=\"color: #000000;\">&#8216;<strong><em>Gracias a la predisposici\u00f3n de la polic\u00eda, del municipio y de los vecinos llegamos a conclusiones provechosas donde se han resuelto muchos pedidos de ellos. Por eso queremos replicar esa misma reuni\u00f3n en diferentes barrios y distritos del Departamento<\/em><\/strong>&#8216;, aseguro Vilches.<\/span><\/p>\n<p><span style=\"color: #000000;\">Finalmente resalt\u00f3 que aquellos barrios que est\u00e9n interesados en que se hagan este tipo de encuentro, con los protocolos necesarios, deben comunicarse a los tel\u00e9fonos de la municipalidad o inscribirse en mesa de entrada del municipio.<\/span><\/p>\n<h5><span style=\"color: #000000;\">\u2022F.B. (F.M. Vi\u00f1as).<\/span><\/h5>\n","protected":false},"excerpt":{"rendered":"<p>El Secretario de Gobierno Jos\u00e9 Vilches dio detalles del cronograma de reuniones del Consejo de Seguridad y la modalidad para convocarlas &#8230;<\/p>\n","protected":false},"author":8,"featured_media":78762,"comment_status":"open","ping_status":"open","sticky":false,"template":"","format":"standard","meta":{"footnotes":""},"categories":[1],"tags":[],"class_list":["post-78760","post","type-post","status-publish","format-standard","has-post-thumbnail","hentry","category-fmvinas"],"_links":{"self":[{"href":"https:\/\/vinasfm.com\/noticias\/wp-json\/wp\/v2\/posts\/78760","targetHints":{"allow":["GET"]}}],"collection":[{"href":"https:\/\/vinasfm.com\/noticias\/wp-json\/wp\/v2\/posts"}],"about":[{"href":"https:\/\/vinasfm.com\/noticias\/wp-json\/wp\/v2\/types\/post"}],"author":[{"embeddable":true,"href":"https:\/\/vinasfm.com\/noticias\/wp-json\/wp\/v2\/users\/8"}],"replies":[{"embeddable":true,"href":"https:\/\/vinasfm.com\/noticias\/wp-json\/wp\/v2\/comments?post=78760"}],"version-history":[{"count":1,"href":"https:\/\/vinasfm.com\/noticias\/wp-json\/wp\/v2\/posts\/78760\/revisions"}],"predecessor-version":[{"id":78763,"href":"https:\/\/vinasfm.com\/noticias\/wp-json\/wp\/v2\/posts\/78760\/revisions\/78763"}],"wp:featuredmedia":[{"embeddable":true,"href":"https:\/\/vinasfm.com\/noticias\/wp-json\/wp\/v2\/media\/78762"}],"wp:attachment":[{"href":"https:\/\/vinasfm.com\/noticias\/wp-json\/wp\/v2\/media?parent=78760"}],"wp:term":[{"taxonomy":"category","embeddable":true,"href":"https:\/\/vinasfm.com\/noticias\/wp-json\/wp\/v2\/categories?post=78760"},{"taxonomy":"post_tag","embeddable":true,"href":"https:\/\/vinasfm.com\/noticias\/wp-json\/wp\/v2\/tags?post=78760"}],"curies":[{"name":"wp","href":"https:\/\/api.w.org\/{rel}","templated":true}]}}