{"id":78756,"date":"2020-10-16T00:20:05","date_gmt":"2020-10-16T03:20:05","guid":{"rendered":"http:\/\/vinasfm.com\/noticias\/?p=78756"},"modified":"2020-10-17T13:04:15","modified_gmt":"2020-10-17T16:04:15","slug":"la-biblioteca-sarmiento-reanuda-la-atencion-al-publico-bajo-estricto-protocolo","status":"publish","type":"post","link":"https:\/\/vinasfm.com\/noticias\/la-biblioteca-sarmiento-reanuda-la-atencion-al-publico-bajo-estricto-protocolo\/","title":{"rendered":"LA BIBLIOTECA &#8216;SARMIENTO&#8217; REANUDA LA ATENCI\u00d3N AL P\u00daBLICO BAJO ESTRICTO PROTOCOLO"},"content":{"rendered":"<h4><span style=\"color: #000000;\"><strong>Luego de permanecer cerrada preventivamente durante dos meses, esta semana reabri\u00f3 sus puertas la Biblioteca &#8216;Sarmiento&#8217; bajo estricto protocolo y con una novedosa promoci\u00f3n para asociarse.<\/strong><\/span><\/h4>\n<p><span style=\"color: #000000;\">&#8216;<strong><em>Esta semana reabrimos tomando las precauciones necesarias. Los horarios son mi\u00e9rcoles y jueves por la ma\u00f1ana de 9.30 a 12.30 y por la tarde de 16 a 18.30hs&#8217;<\/em><\/strong>, explic\u00f3 el Presidente de la Comisi\u00f3n <strong>Rodrigo Tijeras<\/strong> a <strong><em>F.M. Vi\u00f1as<\/em><\/strong>.<\/span><\/p>\n<p><span style=\"color: #000000;\">Al ser consultado sobre el protocolo que regular\u00eda la circulaci\u00f3n de personas a la instituci\u00f3n, Tijeras manifest\u00f3: &#8216;<strong><em>Es el mismo protocolo que se sigue en todos lados, llegar con D.N.I y tapabocas. Deben de elegir el libro r\u00e1pidamente y podr\u00e1n ingresar de a 5 personas<\/em><\/strong>&#8216;.<\/span><\/p>\n<p><span style=\"color: #000000;\">En la misma l\u00ednea puntualiz\u00f3 que &#8216;<strong><em>por protocolo, los libros que la gente devuelve lo tenemos que tener 15 d\u00edas en cuarentena hasta que se puedan volver a prestar. No le podemos echar alcohol ni pasarle un trapo porque se da\u00f1an<\/em><\/strong>&#8216;.<\/span><\/p>\n<p><span style=\"color: #000000;\">Con el objetivo de sumar m\u00e1s socios, la Biblioteca lanz\u00f3 una promoci\u00f3n que consiste en cobrar <strong>$200 por los tres meses que restan<\/strong> para fin de a\u00f1o: &#8216;<strong><em>Est\u00e1bamos cobrando $75 por mes pero a quienes se inscriban ahora va a ser menor el monto mensual. Si se asocian en octubre pagan el mes m\u00e1s noviembre y diciembre todo por $200. Y si se asocian en noviembre el monto es de $150 por los meses de noviembre y diciembre<\/em><\/strong>&#8216;.<\/span><\/p>\n<p><span style=\"color: #000000;\">Cada socio puede llevarse a casa 3 libros por semana o cada 15 d\u00edas: &#8216;<strong><em>Hay libros de todo tipo y para todas las edades y gustos. El a\u00f1o pasado compramos muchos por lo que hay literatura nueva y los cl\u00e1sicos de siempre<\/em><\/strong>&#8216;.<\/span><\/p>\n<h4><span style=\"color: #000000;\"><strong>\u00bfC\u00f3mo pod\u00e9s asociarte?<\/strong><\/span><\/h4>\n<ul>\n<li><span style=\"color: #000000;\"><strong>Fotocopia de D.N.I.<\/strong><\/span><\/li>\n<li><span style=\"color: #000000;\"><strong>Fotocopia de un impuesto que acredite el domicilio.<\/strong><\/span><\/li>\n<li><span style=\"color: #000000;\"><strong>$200\/ $150 \/ $75 (de acuerdo al tiempo).<\/strong><\/span><\/li>\n<\/ul>\n<p><span style=\"color: #000000;\">Finalmente se refiri\u00f3 al punto de Wi-Fi gratuito que brindaban en las instalaciones: &#8216;<strong><em>Hay mucha gente sin conectividad y vamos a usarlo con los protocolos y s\u00f3lo se podr\u00e1 usar para realizar descargas y subida de archivos. No para hacer las tareas<\/em><\/strong>&#8216;.<\/span><\/p>\n<p><span style=\"color: #000000;\">&#8216;<strong><em>Deben de ser una persona por mesa y se les da un tiempo m\u00e1ximo de15 minutos para que descarguen los archivos y se los lleven para resolverlos en sus casas. Luego deben de volver para enviarlo,pero m\u00e1s de eso no podr\u00e1n hacer<\/em><\/strong>&#8216;, concluy\u00f3.<\/span><\/p>\n<h5><span style=\"color: #000000;\">\u2022F.B. (F.M. Vi\u00f1as).<\/span><\/h5>\n","protected":false},"excerpt":{"rendered":"<p>Luego de permanecer cerrada preventivamente durante dos meses, esta semana reabri\u00f3 sus puertas la Biblioteca &#8216;Sarmiento&#8217; bajo estricto protocolo y con &#8230;<\/p>\n","protected":false},"author":8,"featured_media":71026,"comment_status":"open","ping_status":"open","sticky":false,"template":"","format":"standard","meta":{"footnotes":""},"categories":[5,11],"tags":[],"class_list":["post-78756","post","type-post","status-publish","format-standard","has-post-thumbnail","hentry","category-actualidad","category-sociales"],"_links":{"self":[{"href":"https:\/\/vinasfm.com\/noticias\/wp-json\/wp\/v2\/posts\/78756","targetHints":{"allow":["GET"]}}],"collection":[{"href":"https:\/\/vinasfm.com\/noticias\/wp-json\/wp\/v2\/posts"}],"about":[{"href":"https:\/\/vinasfm.com\/noticias\/wp-json\/wp\/v2\/types\/post"}],"author":[{"embeddable":true,"href":"https:\/\/vinasfm.com\/noticias\/wp-json\/wp\/v2\/users\/8"}],"replies":[{"embeddable":true,"href":"https:\/\/vinasfm.com\/noticias\/wp-json\/wp\/v2\/comments?post=78756"}],"version-history":[{"count":1,"href":"https:\/\/vinasfm.com\/noticias\/wp-json\/wp\/v2\/posts\/78756\/revisions"}],"predecessor-version":[{"id":78758,"href":"https:\/\/vinasfm.com\/noticias\/wp-json\/wp\/v2\/posts\/78756\/revisions\/78758"}],"wp:featuredmedia":[{"embeddable":true,"href":"https:\/\/vinasfm.com\/noticias\/wp-json\/wp\/v2\/media\/71026"}],"wp:attachment":[{"href":"https:\/\/vinasfm.com\/noticias\/wp-json\/wp\/v2\/media?parent=78756"}],"wp:term":[{"taxonomy":"category","embeddable":true,"href":"https:\/\/vinasfm.com\/noticias\/wp-json\/wp\/v2\/categories?post=78756"},{"taxonomy":"post_tag","embeddable":true,"href":"https:\/\/vinasfm.com\/noticias\/wp-json\/wp\/v2\/tags?post=78756"}],"curies":[{"name":"wp","href":"https:\/\/api.w.org\/{rel}","templated":true}]}}