{"id":78709,"date":"2020-10-14T23:17:26","date_gmt":"2020-10-15T02:17:26","guid":{"rendered":"http:\/\/vinasfm.com\/noticias\/?p=78709"},"modified":"2020-10-15T12:27:37","modified_gmt":"2020-10-15T15:27:37","slug":"14-10-record-de-916-casos-de-covid-19-en-mendoza","status":"publish","type":"post","link":"https:\/\/vinasfm.com\/noticias\/14-10-record-de-916-casos-de-covid-19-en-mendoza\/","title":{"rendered":"14\/10: R\u00c9CORD DE 916 CASOS DE COVID-19 EN MENDOZA"},"content":{"rendered":"<h4><span style=\"color: #000000;\"><strong>Este mi\u00e9rcoles por la noche el\u00a0Ministerio de Salud\u00a0confirm\u00f3\u00a0 un nuevo r\u00e9cord de\u00a0916\u00a0casos de\u00a0coronavirus\u00a0en\u00a0Mendoza.<\/strong><\/span><\/h4>\n<p><span style=\"color: #000000;\">Desde la cartera sanitaria notificaron\u00a0la\u00a0<strong>recuperaci\u00f3n de 431 pacientes con COVID-19.<\/strong><\/span><\/p>\n<p><span style=\"color: #000000;\">Por otro laso, Salud inform\u00f3\u00a0el\u00a0<strong>fallecimiento de 13 pacientes por la enfermedad<\/strong>\u00a0en las \u00faltimas 72 horas:<\/span><\/p>\n<ul>\n<li><span style=\"color: #000000;\">Mujer de 74 a\u00f1os internada en el Hospital Privado. La paciente contaba con enfermedades previas.<\/span><\/li>\n<li><span style=\"color: #000000;\">Hombre de 85 a\u00f1os internado en el Hospital Privado. El paciente contaba con enfermedades previas.<\/span><\/li>\n<li><span style=\"color: #000000;\">Mujer de 29 a\u00f1os internada en el el Hospital Espa\u00f1ol. La paciente contaba con enfermedades previas.<\/span><\/li>\n<li><span style=\"color: #000000;\">Mujer de 64 a\u00f1os internada en la Sociedad Espa\u00f1ola. La paciente contaba con comorbilidades previas.<\/span><\/li>\n<li><span style=\"color: #000000;\">Hombre de 68 a\u00f1os internado en el Hospital Espa\u00f1ol. El paciente presentaba enfermedades previas.<\/span><\/li>\n<li><span style=\"color: #000000;\">Hombre de 50 a\u00f1os internado en el Hospital Carrillo. El paciente contaba con enfermedades previas.<\/span><\/li>\n<li><span style=\"color: #000000;\">Mujer de 75 a\u00f1os internada en la Sociedad Espa\u00f1ola. La paciente contaba con enfermedades previas.<\/span><\/li>\n<li><span style=\"color: #000000;\">Mujer de 64 a\u00f1os internada en el Hospital Central. La paciente contaba con enfermedades previas.<\/span><\/li>\n<li><span style=\"color: #000000;\">Mujer de 77 a\u00f1os internada en el Instituto M\u00e9dico de Tunuy\u00e1n. La paciente contaba con enfermedades previas.<\/span><\/li>\n<li><span style=\"color: #000000;\">Hombre de 68 a\u00f1os internado en el Hospital Central. El paciente contaba con enfermedades previas.<\/span><\/li>\n<li><span style=\"color: #000000;\">Hombre de 80 a\u00f1os internado en el Hospital General Las Heras. El paciente contaba con comorbilidades.<\/span><\/li>\n<li><span style=\"color: #000000;\">Hombre de 86 a\u00f1os internado en el Instituto M\u00e9dico de Tunuy\u00e1n. El paciente contaba con enfermedades previas.<\/span><\/li>\n<li><span style=\"color: #000000;\">Hombre de 78 a\u00f1os internado en el Instituto M\u00e9dico de Tunuy\u00e1n. El paciente contaba con enfermedades previas.<\/span><\/li>\n<\/ul>\n<p><span style=\"color: #000000;\">En total se realizaron\u00a0<strong>1.999 determinaciones<\/strong>:<\/span><\/p>\n<ul>\n<li><span style=\"color: #000000;\"><strong>1.107 fueron negativas.<\/strong><\/span><\/li>\n<li><span style=\"color: #000000;\"><strong>Se registraron 892 nuevos casos positivos por laboratorio.<\/strong><\/span><\/li>\n<li><span style=\"color: #000000;\"><strong>Casos por nexo cl\u00ednico epidemiol\u00f3gico: 24 pacientes.<\/strong><\/span><\/li>\n<\/ul>\n<p><span style=\"color: #000000;\"><strong>Detalle de positivos por PCR<\/strong><\/span><\/p>\n<ul>\n<li><span style=\"color: #000000;\">Por contacto estrecho con positivos de COVID-19: 271 pacientes. Todos con nexos familiares y contactos estrechos que presentaron s\u00edntomas y el equipo de Salud sali\u00f3 a hisopar.<\/span><\/li>\n<li><span style=\"color: #000000;\">Operativos Barrios: 321 pacientes.<\/span><\/li>\n<li><span style=\"color: #000000;\">Personal de Salud: 3 pacientes.<\/span><\/li>\n<li><span style=\"color: #000000;\">En investigaci\u00f3n: 297 pacientes.<\/span><\/li>\n<\/ul>\n<p><span style=\"color: #000000;\"><strong>La tasa de positividad fue de\u00a046,6%.<\/strong><\/span><\/p>\n<p><span style=\"color: #000000;\">De esta manera,\u00a0<strong>Mendoza cuenta con:<\/strong><\/span><\/p>\n<ul>\n<li><span style=\"color: #000000;\"><strong>32.971 casos positivos confirmados COVID-19.<\/strong><\/span><\/li>\n<li><span style=\"color: #000000;\"><strong>18.434 personas recuperadas COVID-19.<\/strong><\/span><\/li>\n<li><span style=\"color: #000000;\"><strong>434 fallecimientos por COVID-19.<\/strong><\/span><\/li>\n<\/ul>\n<h5><span style=\"color: #000000;\">\u2022F.B.<\/span><\/h5>\n","protected":false},"excerpt":{"rendered":"<p>Este mi\u00e9rcoles por la noche el\u00a0Ministerio de Salud\u00a0confirm\u00f3\u00a0 un nuevo r\u00e9cord de\u00a0916\u00a0casos de\u00a0coronavirus\u00a0en\u00a0Mendoza. Desde la cartera sanitaria notificaron\u00a0la\u00a0recuperaci\u00f3n de 431 pacientes &#8230;<\/p>\n","protected":false},"author":8,"featured_media":69826,"comment_status":"open","ping_status":"open","sticky":false,"template":"","format":"standard","meta":{"footnotes":""},"categories":[5,62],"tags":[],"class_list":["post-78709","post","type-post","status-publish","format-standard","has-post-thumbnail","hentry","category-actualidad","category-coronavirus"],"_links":{"self":[{"href":"https:\/\/vinasfm.com\/noticias\/wp-json\/wp\/v2\/posts\/78709","targetHints":{"allow":["GET"]}}],"collection":[{"href":"https:\/\/vinasfm.com\/noticias\/wp-json\/wp\/v2\/posts"}],"about":[{"href":"https:\/\/vinasfm.com\/noticias\/wp-json\/wp\/v2\/types\/post"}],"author":[{"embeddable":true,"href":"https:\/\/vinasfm.com\/noticias\/wp-json\/wp\/v2\/users\/8"}],"replies":[{"embeddable":true,"href":"https:\/\/vinasfm.com\/noticias\/wp-json\/wp\/v2\/comments?post=78709"}],"version-history":[{"count":1,"href":"https:\/\/vinasfm.com\/noticias\/wp-json\/wp\/v2\/posts\/78709\/revisions"}],"predecessor-version":[{"id":78710,"href":"https:\/\/vinasfm.com\/noticias\/wp-json\/wp\/v2\/posts\/78709\/revisions\/78710"}],"wp:featuredmedia":[{"embeddable":true,"href":"https:\/\/vinasfm.com\/noticias\/wp-json\/wp\/v2\/media\/69826"}],"wp:attachment":[{"href":"https:\/\/vinasfm.com\/noticias\/wp-json\/wp\/v2\/media?parent=78709"}],"wp:term":[{"taxonomy":"category","embeddable":true,"href":"https:\/\/vinasfm.com\/noticias\/wp-json\/wp\/v2\/categories?post=78709"},{"taxonomy":"post_tag","embeddable":true,"href":"https:\/\/vinasfm.com\/noticias\/wp-json\/wp\/v2\/tags?post=78709"}],"curies":[{"name":"wp","href":"https:\/\/api.w.org\/{rel}","templated":true}]}}