{"id":78645,"date":"2020-10-14T07:34:09","date_gmt":"2020-10-14T10:34:09","guid":{"rendered":"http:\/\/vinasfm.com\/noticias\/?p=78645"},"modified":"2020-10-14T12:16:29","modified_gmt":"2020-10-14T15:16:29","slug":"suarez-portezuelo-del-viento-es-la-obra-mas-estudiada-de-la-historia-argentina","status":"publish","type":"post","link":"https:\/\/vinasfm.com\/noticias\/suarez-portezuelo-del-viento-es-la-obra-mas-estudiada-de-la-historia-argentina\/","title":{"rendered":"SUAREZ: \u201cPORTEZUELO DEL VIENTO ES LA OBRA M\u00c1S ESTUDIADA DE LA HISTORIA ARGENTINA\u201d"},"content":{"rendered":"<h4>El mandatario mendocino present\u00f3 en el Ministerio del Interior de la Naci\u00f3n todos los estudios que se han realizado para llevar adelante la concreci\u00f3n de Portezuelo del Viento.<\/h4>\n<p><span style=\"color: #000000;\">Cuatro a\u00f1os de trabajo cuidado y minucioso, 163.425 horas\/hombre, con una inversi\u00f3n previa de la provincia de $88 millones; rigurosos estudios y 33 instituciones nacionales y provinciales involucradas en estudios previos, hacen posible la concreci\u00f3n de un sue\u00f1o mendocino de m\u00e1s de medio siglo.<\/span><\/p>\n<p><strong><span style=\"color: #000000;\">La presa es la obra de ingenier\u00eda civil m\u00e1s ambiciosa de la historia.<\/span><\/strong><br \/>\n<span style=\"color: #000000;\">Postergado durante m\u00e1s de medio siglo, el complejo multiprop\u00f3sito Portezuelo del Viento es hoy una realidad, con US$ 1.023 millones garantizados para su construcci\u00f3n y el respaldo de cuatro a\u00f1os de trabajo continuo.<\/span><\/p>\n<p><span style=\"color: #000000;\">Suarez detall\u00f3 que \u201cpresentamos en el Ministerio del Interior de la Naci\u00f3n toda la documentaci\u00f3n referida a los estudios de impacto ambiental de Portezuelo del Viento realizados por las Universidades de La plata, del Litoral, de Cuyo, y Tecnol\u00f3gica. Lo presentamos en forma escrita, documental, en total son 11 cajas que se presentaron. Adem\u00e1s, se present\u00f3 todo en soporte digital para compartir con el resto de las provincias\u201d.<\/span><\/p>\n<p><span style=\"color: #000000;\">Se trata de \u201c<strong><em>la obra m\u00e1s estudiada de la historia argentina, en los \u00faltimos 40 a\u00f1os del pa\u00eds\u201d,<\/em><\/strong> destac\u00f3 Suarez tras entregarles carpetas que contienen los estudios de ingenier\u00eda, el proyecto licitatorio, documentaci\u00f3n ambiental y social (incluidos las dos Declaraciones de Impacto Ambiental) y toda la documentaci\u00f3n legal (actas Coirco, antecedentes de proyecto que se remontan al a\u00f1o 1946, etc.).<\/span><\/p>\n<p><span style=\"color: #000000;\">En este sentido, Suarez remarc\u00f3 que<em> \u201cesto beneficia tanto a la provincia de Buenos Aires, que van a incorporar m\u00e1s de 70 mil hect\u00e1reas de riego, con los beneficios que todo eso tiene. Esto significa que vamos a poder generar energ\u00eda limpia, y que en tiempos de sequ\u00eda el agua no va a ir al mar sino que vamos a acumular para el uso racional\u201d.<\/em><\/span><\/p>\n<p><span style=\"color: #000000;\">\u201cEsto se suma a las actitudes que hemos tenido anteriormente de compartir el manejo del agua, el llenado de la presa con el COIRCO, de haber ofrecido en su momento un fondo fiduciario de garant\u00eda, y todo lo que estamos llevando adelante para que esta obra, que ya est\u00e1 en marcha, contin\u00fae por el camino de que tiene que continuar\u201d, puntualiz\u00f3 el Gobernador de Mendoza.<\/span><\/p>\n<p><span style=\"color: #000000;\">El proceso t\u00e9cnico, antes del llamado a licitaci\u00f3n, se realiz\u00f3 durante tres a\u00f1os, lapso en el que se llevaron a cabo decenas de estudios hidrol\u00f3gicos, geol\u00f3gicos, sociales y ambientales, entre otros.<\/span><\/p>\n<p><span style=\"color: #000000;\">Portezuelo cuenta con los avales t\u00e9cnicos y jur\u00eddicos necesarios para seguir avanzando hacia su ejecuci\u00f3n. Desde el Ejecutivo provincial remarcaron que la obra a desarrollarse en el Sur mendocino cumple con los estudios ambientales, sociales y econ\u00f3micos y todos los reglamentos del COIRCO.<\/span><\/p>\n<p><span style=\"color: #000000;\"><a href=\"http:\/\/vinasfm.com\/noticias\/wp-content\/uploads\/2020\/10\/CAJAS-PORTEZUELO.jpg\"><img loading=\"lazy\" decoding=\"async\" class=\" wp-image-78646 alignleft\" src=\"http:\/\/vinasfm.com\/noticias\/wp-content\/uploads\/2020\/10\/CAJAS-PORTEZUELO-300x225.jpg\" alt=\"\" width=\"415\" height=\"311\" srcset=\"https:\/\/vinasfm.com\/noticias\/wp-content\/uploads\/2020\/10\/CAJAS-PORTEZUELO-300x225.jpg 300w, https:\/\/vinasfm.com\/noticias\/wp-content\/uploads\/2020\/10\/CAJAS-PORTEZUELO.jpg 768w\" sizes=\"auto, (max-width: 415px) 100vw, 415px\" \/><\/a>El ministro de Gobierno, Trabajo y Justicia, V\u00edctor Iba\u00f1ez, destac\u00f3 que \u201cse han realizado todos los procedimientos legales correspondientes a Portezuelo del Viento, en el \u00e1mbito del COIRCO, y han sido cumplidos durante los \u00faltimos a\u00f1os en su totalidad\u201d.<\/span><\/p>\n<p><span style=\"color: #000000;\">Adem\u00e1s, mencion\u00f3 el funcionario que \u201cel procedimiento jur\u00eddico que corresponde a Mendoza ha sido cumplido\u201d e inform\u00f3 que <strong>el llamado a licitaci\u00f3n de la obra ya est\u00e1 en curso, ya que la provincia ha recibido en tiempo y forma el desembolso de los pagos por parte de la Naci\u00f3n para la realizaci\u00f3n de la obra.<\/strong><\/span><\/p>\n<p><span style=\"color: #000000;\">El proceso t\u00e9cnico antes del llamado a licitaci\u00f3n se realiz\u00f3 durante tres a\u00f1os, lapso en el que se realizaron decenas de estudios hidrol\u00f3gicos, geol\u00f3gicos, sociales y ambientales, entre otros\u201d, agreg\u00f3 Iba\u00f1ez.<\/span><\/p>\n<p><span style=\"color: #000000;\">En tanto que el estudio de impacto ambiental de toda la cuenca del r\u00edo Colorado realizado por la Universidad Nacional de La Plata y la Universidad Nacional del Litoral fue aprobado por el COIRCO el 19 de marzo de 2019, a trav\u00e9s del Acta N\u00b0 857 en la cual su presidente conclu\u00eda que \u201cel informe final del Estudio de Impacto Ambiental Regional (EIAR) de la presa y Central Portezuelo del Viento, en cumplimento de la encomienda del Acta N\u00ba 70 del Consejo de Gobierno, se aprueba por mayor\u00eda, con los votos de Buenos Aires, Mendoza y R\u00edo Negro, el diferendo de La Pampa y la ausencia de Neuqu\u00e9n\u201d.<\/span><\/p>\n<p><span style=\"color: #000000;\">Adem\u00e1s, en el proyecto multiprop\u00f3sito trabajaron 17 entes nacionales y provinciales, 4 universidades y 7 consultoras. <em><strong>\u201cPortezuelo del Viento es s\u00f3lido t\u00e9cnicamente y cumpli\u00f3 todos los reglamentos del COIRCO\u201d<\/strong><\/em>, detall\u00f3 Iba\u00f1ez.<\/span><\/p>\n<h4><span style=\"color: #000000;\"><strong>33 instituciones nacionales y provinciales involucradas en estudios previos<\/strong><\/span><\/h4>\n<p><span style=\"color: #000000;\">Provinciales<\/span><\/p>\n<ul>\n<li><span style=\"color: #000000;\">Ministerio de Econom\u00eda, Infraestructura y Energ\u00eda.<\/span><\/li>\n<li><span style=\"color: #000000;\">Empresa Mendocina de Energ\u00eda.<\/span><\/li>\n<li><span style=\"color: #000000;\">Departamento General de Irrigaci\u00f3n.<\/span><\/li>\n<li><span style=\"color: #000000;\">Ente Provincial Regulador El\u00e9ctrico.<\/span><\/li>\n<li><span style=\"color: #000000;\">Direcci\u00f3n Provincial de Vialidad.<\/span><\/li>\n<li><span style=\"color: #000000;\">Municipalidad de Malarg\u00fce.<\/span><\/li>\n<li><span style=\"color: #000000;\">Municipalidad de General Alvear.<\/span><\/li>\n<li><span style=\"color: #000000;\">Secretar\u00eda de Ambiente y Ordenamiento Territorial.<\/span><\/li>\n<li><span style=\"color: #000000;\">Fiscal\u00eda de Estado.<\/span><\/li>\n<li><span style=\"color: #000000;\">Asesor\u00eda de Gobierno.<\/span><\/li>\n<li><span style=\"color: #000000;\">Agencia Provincial de Ordenamiento Territorial.<\/span><\/li>\n<li><span style=\"color: #000000;\">Direcci\u00f3n General de Catastro.<\/span><\/li>\n<li><span style=\"color: #000000;\">Administraci\u00f3n Tributaria Mendoza.<\/span><\/li>\n<li><span style=\"color: #000000;\">Direcci\u00f3n de Recursos Naturales y Renovables.<\/span><\/li>\n<li><span style=\"color: #000000;\">Direcci\u00f3n de Patrimonio Cultural y Museos.<\/span><\/li>\n<li><span style=\"color: #000000;\">Direcci\u00f3n de Hidr\u00e1ulica.<\/span><\/li>\n<li><span style=\"color: #000000;\">Direcci\u00f3n de Protecci\u00f3n Ambiental.<\/span><\/li>\n<\/ul>\n<p><span style=\"color: #000000;\">Nacionales<\/span><\/p>\n<ul>\n<li><span style=\"color: #000000;\">Organismo Regulador de Seguridad de Presas.<\/span><\/li>\n<li><span style=\"color: #000000;\">Comit\u00e9 Interjurisdiccional del R\u00edo Colorado.<\/span><\/li>\n<li><span style=\"color: #000000;\">Servicio Geol\u00f3gico Minero Argentino.<\/span><\/li>\n<li><span style=\"color: #000000;\">Ej\u00e9rcito Argentino.<\/span><\/li>\n<li><span style=\"color: #000000;\">Emprendimientos Energ\u00e9ticos Binacionales.<\/span><\/li>\n<li><span style=\"color: #000000;\">Direcci\u00f3n Nacional de Vialidad.<\/span><\/li>\n<li><span style=\"color: #000000;\">Instituto Nacional del Agua.<\/span><\/li>\n<li><span style=\"color: #000000;\">Ministerio del Interior, Obras P\u00fablicas y Vivienda.<\/span><\/li>\n<li><span style=\"color: #000000;\">Ministerio de Energ\u00eda y Miner\u00eda.<\/span><\/li>\n<li><span style=\"color: #000000;\">Jefatura de Gabinete de Ministros.<\/span><\/li>\n<li><span style=\"color: #000000;\">Secretar\u00eda de Infraestructura y Pol\u00edtica H\u00eddrica.<\/span><\/li>\n<li><span style=\"color: #000000;\">Secretar\u00eda de Ambiente de la Naci\u00f3n.<\/span><\/li>\n<li><span style=\"color: #000000;\">Subsecretar\u00eda de Participaci\u00f3n P\u00fablico Privada.<\/span><\/li>\n<\/ul>\n<p><span style=\"color: #000000;\">Cuatro instituciones acad\u00e9micas<\/span><\/p>\n<ul>\n<li><span style=\"color: #000000;\">Universidad Nacional de Cuyo.<\/span><\/li>\n<li><span style=\"color: #000000;\">Universidad Tecnol\u00f3gica Nacional.<\/span><\/li>\n<li><span style=\"color: #000000;\">Universidad Nacional de la Plata.<\/span><\/li>\n<li><span style=\"color: #000000;\">Universidad Nacional del Litoral.<\/span><\/li>\n<\/ul>\n<p><span style=\"color: #000000;\">M\u00e1s de 50 tareas previas realizadas<\/span><\/p>\n<p><span style=\"color: #000000;\">\u2022 Entrega definitiva de proyecto ejecutivo a Naci\u00f3n.<\/span><br \/>\n<span style=\"color: #000000;\">\u2022 Permisos, habilitaciones y autorizaciones provinciales.<\/span><br \/>\n<span style=\"color: #000000;\">\u2022 Revisi\u00f3n cr\u00edtica de proyecto Emprendimientos Energ\u00e9ticos Binacionales.<\/span><br \/>\n<span style=\"color: #000000;\">\u2022 Elaboraci\u00f3n del perfil del proyecto.<\/span><br \/>\n<span style=\"color: #000000;\">\u2022 Estudios geol\u00f3gicos y geot\u00e9cnicos en eje de presa.<\/span><br \/>\n<span style=\"color: #000000;\">\u2022 Estudio del medio bi\u00f3tico.<\/span><br \/>\n<span style=\"color: #000000;\">\u2022 Estudio de monitoreo biol\u00f3gico precontructivo.<\/span><br \/>\n<span style=\"color: #000000;\">\u2022 Elaboraci\u00f3n de anteproyecto nueva ruta provincial 226.<\/span><br \/>\n<span style=\"color: #000000;\">\u2022 Estudio de factibilidad de trazas.<\/span><br \/>\n<span style=\"color: #000000;\">\u2022 Validaci\u00f3n de proyecto de ruta nacional 145.<\/span><br \/>\n<span style=\"color: #000000;\">\u2022 Instalaci\u00f3n temporal de puente Bailey.<\/span><br \/>\n<span style=\"color: #000000;\">\u2022 Inspecci\u00f3n ambiental.<\/span><br \/>\n<span style=\"color: #000000;\">\u2022 Inspecci\u00f3n geol\u00f3gica.<\/span><br \/>\n<span style=\"color: #000000;\">\u2022 Aprobaci\u00f3n de normas de llenado por parte del COIRCO.<\/span><br \/>\n<span style=\"color: #000000;\">\u2022 Aprobaci\u00f3n de normas de operaci\u00f3n por parte del COIRCO.<\/span><br \/>\n<span style=\"color: #000000;\">\u2022 Dictamen ley \u201cPortezuelo del Viento\u201d.<\/span><br \/>\n<span style=\"color: #000000;\">\u2022 Trabajo de revisi\u00f3n proyecto y obras complementarias.<\/span><br \/>\n<span style=\"color: #000000;\">\u2022 Trabajo de revisi\u00f3n y optimizaci\u00f3n de pliegos licitatorios.<\/span><br \/>\n<span style=\"color: #000000;\">\u2022 Revisi\u00f3n de presupuesto de obra.<\/span><br \/>\n<span style=\"color: #000000;\">\u2022 Mensura de la zona, expropiaci\u00f3n de 13.800 hect\u00e1reas.<\/span><br \/>\n<span style=\"color: #000000;\">\u2022 Tasaci\u00f3n de terrenos de expropiaci\u00f3n: 13.800 hect\u00e1reas.<\/span><br \/>\n<span style=\"color: #000000;\">\u2022 Censo y estudio socioambiental de la zona.<\/span><br \/>\n<span style=\"color: #000000;\">\u2022 Proceso de consulta abierta formal a pueblos originarios (convenio 169 de la OIT).<\/span><br \/>\n<span style=\"color: #000000;\">\u2022 Plan de reasentamiento de puesteros.<\/span><br \/>\n<span style=\"color: #000000;\">\u2022 An\u00e1lisis multicriterio para sitio nueva Villa Las Loicas.<\/span><br \/>\n<span style=\"color: #000000;\">\u2022 Proyecto relocalizaci\u00f3n Villa Las Loicas.<\/span><br \/>\n<span style=\"color: #000000;\">\u2022 Audiencia P\u00fablica.<\/span><br \/>\n<span style=\"color: #000000;\">\u2022 Estudio del medio bi\u00f3tico complementario.<\/span><br \/>\n<span style=\"color: #000000;\">\u2022 Estudio de impacto ambiental regional.<\/span><br \/>\n<span style=\"color: #000000;\">\u2022 Proyecto ganadero para la regi\u00f3n.<\/span><br \/>\n<span style=\"color: #000000;\">\u2022 Armado de pliegos y selecci\u00f3n de oferentes.<\/span><br \/>\n<span style=\"color: #000000;\">\u2022 Gesti\u00f3n y seguimiento de proyecto equipo de la Empresa Provincial de Energ\u00eda.<\/span><br \/>\n<span style=\"color: #000000;\">\u2022 Gesti\u00f3n y seguimiento del proyecto equipo Provincia.<\/span><br \/>\n<span style=\"color: #000000;\">\u2022 Gesti\u00f3n y seguimiento de proyecto equipo Naci\u00f3n.<\/span><\/p>\n<h4><span style=\"color: #000000;\"><strong>La obra<\/strong><\/span><\/h4>\n<p><span style=\"color: #000000;\">Portezuelo del Viento es un sue\u00f1o largamente anhelado por Mendoza que comienza a concretarse. Se trata de una central hidroel\u00e9ctrica que se construir\u00e1 sobre el r\u00edo Grande, el m\u00e1s caudaloso de la provincia, ubicado en el departamento de Malarg\u00fce.<\/span><\/p>\n<p><span style=\"color: #000000;\">A 20 kil\u00f3metros de la localidad de Las Loicas y a media hora de la ciudad cabecera del departamento del Sur, el embalse ser\u00e1 cuatro veces mayor al de Potrerillos y tendr\u00e1 capacidad para aportar al sistema el\u00e9ctrico interconectado energ\u00eda para 130 mil hogares m\u00e1s.<\/span><\/p>\n<p><span style=\"color: #000000;\">Planteada para cumplir con m\u00faltiples prop\u00f3sitos, permitir\u00e1 proteger la cuenca media y superior del r\u00edo Colorado de crecidas intempestivas, y aumentar la garant\u00eda de riego para agricultura y ganader\u00eda en el Sur de Mendoza.<\/span><\/p>\n<p><span style=\"color: #000000;\">Para tener una idea cercana de la dimensi\u00f3n de la obra, la presa medir\u00e1 5,2 veces la altura del Edificio G\u00f3mez del centro de la Ciudad de Mendoza.<\/span><\/p>\n<p><span style=\"color: #000000;\">Alrededor del dique se har\u00e1n m\u00e1s obras relacionadas, como la relocalizaci\u00f3n del pueblo Las Loicas en la costa del lago, un nuevo tramo de la ruta nacional 145 y de la ruta provincial 226, la construcci\u00f3n de una sala de m\u00e1quinas y el tendido el\u00e9ctrico para conectar la presa con el sistema interconectado nacional.<\/span><\/p>\n<h5><strong><em>A.C.<\/em><\/strong><\/h5>\n","protected":false},"excerpt":{"rendered":"<p>El mandatario mendocino present\u00f3 en el Ministerio del Interior de la Naci\u00f3n todos los estudios que se han realizado para llevar &#8230;<\/p>\n","protected":false},"author":7,"featured_media":70742,"comment_status":"open","ping_status":"open","sticky":false,"template":"","format":"standard","meta":{"footnotes":""},"categories":[5,61],"tags":[],"class_list":["post-78645","post","type-post","status-publish","format-standard","has-post-thumbnail","hentry","category-actualidad","category-portezuelo-del-viento"],"_links":{"self":[{"href":"https:\/\/vinasfm.com\/noticias\/wp-json\/wp\/v2\/posts\/78645","targetHints":{"allow":["GET"]}}],"collection":[{"href":"https:\/\/vinasfm.com\/noticias\/wp-json\/wp\/v2\/posts"}],"about":[{"href":"https:\/\/vinasfm.com\/noticias\/wp-json\/wp\/v2\/types\/post"}],"author":[{"embeddable":true,"href":"https:\/\/vinasfm.com\/noticias\/wp-json\/wp\/v2\/users\/7"}],"replies":[{"embeddable":true,"href":"https:\/\/vinasfm.com\/noticias\/wp-json\/wp\/v2\/comments?post=78645"}],"version-history":[{"count":1,"href":"https:\/\/vinasfm.com\/noticias\/wp-json\/wp\/v2\/posts\/78645\/revisions"}],"predecessor-version":[{"id":78647,"href":"https:\/\/vinasfm.com\/noticias\/wp-json\/wp\/v2\/posts\/78645\/revisions\/78647"}],"wp:featuredmedia":[{"embeddable":true,"href":"https:\/\/vinasfm.com\/noticias\/wp-json\/wp\/v2\/media\/70742"}],"wp:attachment":[{"href":"https:\/\/vinasfm.com\/noticias\/wp-json\/wp\/v2\/media?parent=78645"}],"wp:term":[{"taxonomy":"category","embeddable":true,"href":"https:\/\/vinasfm.com\/noticias\/wp-json\/wp\/v2\/categories?post=78645"},{"taxonomy":"post_tag","embeddable":true,"href":"https:\/\/vinasfm.com\/noticias\/wp-json\/wp\/v2\/tags?post=78645"}],"curies":[{"name":"wp","href":"https:\/\/api.w.org\/{rel}","templated":true}]}}