{"id":78636,"date":"2020-10-14T07:16:22","date_gmt":"2020-10-14T10:16:22","guid":{"rendered":"http:\/\/vinasfm.com\/noticias\/?p=78636"},"modified":"2020-10-15T09:00:11","modified_gmt":"2020-10-15T12:00:11","slug":"la-ley-oncopediatrica-obtuvo-media-sancion-en-el-senado-mendocino","status":"publish","type":"post","link":"https:\/\/vinasfm.com\/noticias\/la-ley-oncopediatrica-obtuvo-media-sancion-en-el-senado-mendocino\/","title":{"rendered":"LA LEY ONCOPEDI\u00c1TRICA OBTUVO MEDIA SANCI\u00d3N EN EL SENADO MENDOCINO"},"content":{"rendered":"<h4><span style=\"color: #000000;\"><strong>Este martes, el Senado de Mendoza dio media sanci\u00f3n al proyecto de ley oncopedi\u00e1trica, que impulsa la creaci\u00f3n de un programa para el cuidado integral de ni\u00f1os y adolescentes con c\u00e1ncer garantizando mejor atenci\u00f3n hospitalaria y recursos para sus tratamientos.<\/strong><\/span><\/h4>\n<div id=\"attachment_78604\" style=\"width: 300px\" class=\"wp-caption alignleft\"><a style=\"color: #000000;\" href=\"http:\/\/vinasfm.com\/noticias\/wp-content\/uploads\/2020\/10\/121590466_10221342793856582_2495266755432024602_o.jpg\"><img loading=\"lazy\" decoding=\"async\" aria-describedby=\"caption-attachment-78604\" class=\"size-medium wp-image-78604\" src=\"http:\/\/vinasfm.com\/noticias\/wp-content\/uploads\/2020\/10\/121590466_10221342793856582_2495266755432024602_o-300x225.jpg\" alt=\"\" width=\"300\" height=\"225\" srcset=\"https:\/\/vinasfm.com\/noticias\/wp-content\/uploads\/2020\/10\/121590466_10221342793856582_2495266755432024602_o-300x225.jpg 300w, https:\/\/vinasfm.com\/noticias\/wp-content\/uploads\/2020\/10\/121590466_10221342793856582_2495266755432024602_o-768x576.jpg 768w, https:\/\/vinasfm.com\/noticias\/wp-content\/uploads\/2020\/10\/121590466_10221342793856582_2495266755432024602_o.jpg 960w\" sizes=\"auto, (max-width: 300px) 100vw, 300px\" \/><\/a><p id=\"caption-attachment-78604\" class=\"wp-caption-text\"><span style=\"color: #000000;\">Grupo de madres en apoyo al proyecto de ley.<\/span><\/p><\/div>\n<p><span style=\"color: #000000;\">&#8216;<em style=\"font-weight: bold;\">Este es sin dudas un paso de suma importancia para las familias de chicos oncol\u00f3gicos&#8217;<\/em>, celebr\u00f3 el Senador Provincial <strong>Leonardo Vi\u00f1olo<\/strong> (UCR) en di\u00e1logo con <strong>F.M. Vi\u00f1as<\/strong> luego de la media sanci\u00f3n que buscar\u00e1 obtener similar resultado en Diputados.<\/span><\/p>\n<p><span style=\"color: #000000;\">En la misma linea, Vi\u00f1olo subray\u00f3 que el proyecto aprobado por unanimidad en Senadores &#8216;<strong><em>no contempla en su totalidad lo pedido por el grupo de madres pero garantiza lo que est\u00e1 en condiciones de brindar la provincia y el municipio. Hay temas que dependen de Naci\u00f3n que ser\u00e1 el punto de inflexi\u00f3n porque es la primera provincia y primer pa\u00eds en tener una ley oncol\u00f3gica&#8217;<\/em><\/strong>.<\/span><\/p>\n<p><span style=\"color: #000000;\">Hay en Mendoza alrededor de<strong> un centenar de personas que transitan esta patolog\u00eda<\/strong>\u00a0y en su mayor\u00eda\u00a0<strong>no cuentan con los medios<\/strong> para solventar la totalidad de los medicamentos, adecuar sus viviendas o residen lejos de los nosocomios en los que se tratan los pacientes: &#8216;<strong><em>Logramos la incorporaci\u00f3n de un certificado Oncol\u00f3gico. Queremos que los municipios a trav\u00e9s de un convenio se inserten en la problem\u00e1tica y ayuden con pasajes y lugares de alojamiento. Tambi\u00e9n nos basamos en los tratamientos psicol\u00f3gicos,estamos hablando de ni\u00f1as\/os y adolescentes adem\u00e1s de brindarle herramientas al personal para que tengan una capacitaci\u00f3n indicada para este tipo de tratamientos&#8217;<\/em><\/strong>, puntualiz\u00f3 el senador por el cuarto distrito.<\/span><\/p>\n<p><span style=\"color: #000000;\">El proyecto, que lleva la autor\u00eda del senador Marcelo Rubio surgi\u00f3 de <strong>las inquietudes planteadas por un grupo de padres que ped\u00edan la creaci\u00f3n de una red de apoyo<\/strong> para atravesar la enfermedad: &#8216;<strong><em>El 98% del trabajo sobre la ley lo ha realizado un grupo de padres y madres para brindarle ayuda tal vez no a sus hijos sino a los hijos de otros para que no tengan que vivir lo que ellos est\u00e1n viviendo&#8217;<\/em><\/strong>, se\u00f1al\u00f3 Vi\u00f1olo.<\/span><\/p>\n<div id=\"attachment_78638\" style=\"width: 720px\" class=\"wp-caption aligncenter\"><a style=\"color: #000000;\" href=\"http:\/\/vinasfm.com\/noticias\/wp-content\/uploads\/2020\/10\/FB_IMG_1602644161567.jpg\"><img loading=\"lazy\" decoding=\"async\" aria-describedby=\"caption-attachment-78638\" class=\"wp-image-78638 size-full\" src=\"http:\/\/vinasfm.com\/noticias\/wp-content\/uploads\/2020\/10\/FB_IMG_1602644161567.jpg\" alt=\"\" width=\"720\" height=\"406\" srcset=\"https:\/\/vinasfm.com\/noticias\/wp-content\/uploads\/2020\/10\/FB_IMG_1602644161567.jpg 720w, https:\/\/vinasfm.com\/noticias\/wp-content\/uploads\/2020\/10\/FB_IMG_1602644161567-300x169.jpg 300w\" sizes=\"auto, (max-width: 720px) 100vw, 720px\" \/><\/a><p id=\"caption-attachment-78638\" class=\"wp-caption-text\"><span style=\"color: #000000;\">Senador &#8216;Leo&#8217; Vi\u00f1olo en sesi\u00f3n virtual.<\/span><\/p><\/div>\n<p><span style=\"color: #000000;\">Refiri\u00e9ndose al Certificado Oncol\u00f3gico, agreg\u00f3 que &#8216;<strong><em>se basa en darle beneficios en su terapia y en tratamiento psicol\u00f3gico a toda la familia y persona enferma. Adem\u00e1s de hablar del alojamiento de padre o tutor y traslado hacia los centros de atenci\u00f3n&#8217;.<\/em><\/strong><\/span><\/p>\n<p><span style=\"color: #000000;\">Con la intenci\u00f3n de que esta iniciativa llegue al Congreso Nacional, el legislador agreg\u00f3 que es trascendental que &#8216;<strong><em>el sindicalismo a nivel nacional tiene que permitir aceptaci\u00f3n a esta ley y contemplarla en todo el territorio de la Naci\u00f3n Argentina<\/em><\/strong>&#8216;.<\/span><\/p>\n<p><span style=\"color: #000000;\">&#8216;<strong><em>Ser\u00e1 importante<\/em><\/strong> -destac\u00f3- <strong><em>tratar muchos temas burocr\u00e1ticos, hay que ir extendi\u00e9ndole las limitaciones al certificado siempre y cuando lo hagamos en consenso de las distintas leyes nacionales que contemplan y limitan por ejemplo,la situaci\u00f3n laboral de una padre de un ni\u00f1o enfermo<\/em><\/strong>&#8216;.<\/span><\/p>\n<p><span style=\"color: #000000;\">Finalmente, asever\u00f3 que avanzar\u00e1n con otro proyecto que que es la creaci\u00f3n del <strong>IPROM<\/strong> (<em>Instituto Provincial Oncol\u00f3gico de Mendoza<\/em>) &#8216;<strong><em>que engloba todos los programas como en este caso el Oncol\u00f3gico o oncopedri\u00e1trico as\u00ed tambi\u00e9n como el c\u00e1ncer de mama,c\u00e1ncer de cuello de \u00fatero,y otros m\u00e1s&#8217;<\/em><\/strong>.<\/span><\/p>\n<h5><span style=\"color: #000000;\">\u2022F.B. (F.M. Vi\u00f1as).<\/span><\/h5>\n","protected":false},"excerpt":{"rendered":"<p>Este martes, el Senado de Mendoza dio media sanci\u00f3n al proyecto de ley oncopedi\u00e1trica, que impulsa la creaci\u00f3n de un programa &#8230;<\/p>\n","protected":false},"author":8,"featured_media":78639,"comment_status":"open","ping_status":"open","sticky":false,"template":"","format":"standard","meta":{"footnotes":""},"categories":[5,43],"tags":[],"class_list":["post-78636","post","type-post","status-publish","format-standard","has-post-thumbnail","hentry","category-actualidad","category-legislatura"],"_links":{"self":[{"href":"https:\/\/vinasfm.com\/noticias\/wp-json\/wp\/v2\/posts\/78636","targetHints":{"allow":["GET"]}}],"collection":[{"href":"https:\/\/vinasfm.com\/noticias\/wp-json\/wp\/v2\/posts"}],"about":[{"href":"https:\/\/vinasfm.com\/noticias\/wp-json\/wp\/v2\/types\/post"}],"author":[{"embeddable":true,"href":"https:\/\/vinasfm.com\/noticias\/wp-json\/wp\/v2\/users\/8"}],"replies":[{"embeddable":true,"href":"https:\/\/vinasfm.com\/noticias\/wp-json\/wp\/v2\/comments?post=78636"}],"version-history":[{"count":1,"href":"https:\/\/vinasfm.com\/noticias\/wp-json\/wp\/v2\/posts\/78636\/revisions"}],"predecessor-version":[{"id":78641,"href":"https:\/\/vinasfm.com\/noticias\/wp-json\/wp\/v2\/posts\/78636\/revisions\/78641"}],"wp:featuredmedia":[{"embeddable":true,"href":"https:\/\/vinasfm.com\/noticias\/wp-json\/wp\/v2\/media\/78639"}],"wp:attachment":[{"href":"https:\/\/vinasfm.com\/noticias\/wp-json\/wp\/v2\/media?parent=78636"}],"wp:term":[{"taxonomy":"category","embeddable":true,"href":"https:\/\/vinasfm.com\/noticias\/wp-json\/wp\/v2\/categories?post=78636"},{"taxonomy":"post_tag","embeddable":true,"href":"https:\/\/vinasfm.com\/noticias\/wp-json\/wp\/v2\/tags?post=78636"}],"curies":[{"name":"wp","href":"https:\/\/api.w.org\/{rel}","templated":true}]}}